{"id":38,"date":"2026-05-08T09:00:00","date_gmt":"2026-05-08T09:00:00","guid":{"rendered":"https:\/\/unepouledansmacuisine.fr\/blog\/?p=38"},"modified":"2026-08-11T15:38:02","modified_gmt":"2026-08-11T15:38:02","slug":"flammekueche","status":"publish","type":"post","link":"https:\/\/unepouledansmacuisine.fr\/blog\/flammekueche\/","title":{"rendered":"Flammekueche alsacienne : Recette traditionnelle"},"content":{"rendered":"<p>La <strong>flammekueche<\/strong>, ou tarte flamb\u00e9e, est une sp\u00e9cialit\u00e9 culinaire d\u2019Alsace, souvent appr\u00e9ci\u00e9e pour sa simplicit\u00e9 et ses saveurs. Traditionnellement garnie de cr\u00e8me fra\u00eeche, d\u2019oignons et de lardons, elle se distingue par sa p\u00e2te fine et croustillante. Cet article vous propose de d\u00e9couvrir la recette classique ainsi que des alternatives \u00e0 cette pr\u00e9paration embl\u00e9matique, tout en vous donnant des conseils pratiques pour la r\u00e9ussir.<\/p>\n<h2>Ingr\u00e9dients de la flammekueche traditionnelle<\/h2>\n<p>Pour pr\u00e9parer une flammekueche authentique, voici les ingr\u00e9dients n\u00e9cessaires :<\/p>\n<ul>\n<li>\n<strong>Pour la p\u00e2te<\/strong> :<\/p>\n<ul>\n<li>250 g de farine<\/li>\n<li>125 ml d\u2019eau<\/li>\n<li>1 cuill\u00e8re \u00e0 soupe d\u2019huile d\u2019olive<\/li>\n<li>Une pinc\u00e9e de sel<\/li>\n<\/ul>\n<\/li>\n<li>\n<strong>Pour la garniture<\/strong> :<\/p>\n<ul>\n<li>200 g de cr\u00e8me fra\u00eeche \u00e9paisse<\/li>\n<li>100 g de fromage blanc (ou ricotta)<\/li>\n<li>2 oignons moyens<\/li>\n<li>150 g de lardons fum\u00e9s<\/li>\n<li>Poivre noir au go\u00fbt<\/li>\n<\/ul>\n<\/li>\n<\/ul>\n<h2>\u00c9tapes de pr\u00e9paration<\/h2>\n<ol>\n<li>\n<strong>Pr\u00e9paration de la p\u00e2te<\/strong> :<\/p>\n<ul>\n<li>Dans un saladier, m\u00e9langez la farine et le sel.<\/li>\n<li>Ajoutez l\u2019eau et l\u2019huile d\u2019olive. P\u00e9trissez jusqu\u2019\u00e0 obtenir une p\u00e2te homog\u00e8ne.<\/li>\n<li>Laissez reposer pendant environ 30 minutes.<\/li>\n<\/ul>\n<\/li>\n<li>\n<strong>Pr\u00e9paration de la garniture<\/strong> :<\/p>\n<ul>\n<li>\u00c9mincez les oignons finement.<\/li>\n<li>M\u00e9langez la cr\u00e8me fra\u00eeche et le fromage blanc dans un bol. Ajoutez du poivre au go\u00fbt.<\/li>\n<\/ul>\n<\/li>\n<li>\n<strong>Assemblage<\/strong> :<\/p>\n<ul>\n<li>Pr\u00e9chauffez votre four \u00e0 250\u00b0C (ou \u00e0 temp\u00e9rature maximale).<\/li>\n<li>\u00c9talez la p\u00e2te sur une plaque recouverte de papier sulfuris\u00e9.<\/li>\n<li>\u00c9talez le m\u00e9lange cr\u00e9meux sur la p\u00e2te, ajoutez les oignons et les lardons uniform\u00e9ment.<\/li>\n<\/ul>\n<\/li>\n<li>\n<strong>Cuisson<\/strong> :<\/p>\n<ul>\n<li>Enfournez pendant environ 10 \u00e0 15 minutes jusqu\u2019\u00e0 ce que la p\u00e2te soit dor\u00e9e et croustillante.<\/li>\n<\/ul>\n<\/li>\n<\/ol>\n<h2>Alternatives \u00e0 la flammekueche traditionnelle<\/h2>\n<h3>Flammekueche v\u00e9g\u00e9tarienne<\/h3>\n<p>Pour ceux qui souhaitent \u00e9viter les produits d\u2019origine animale, voici une version v\u00e9g\u00e9tarienne :<\/p>\n<ul>\n<li>Remplacez les lardons par des champignons saut\u00e9s ou des l\u00e9gumes grill\u00e9s.<\/li>\n<li>Utilisez uniquement du fromage blanc et ajoutez des herbes fra\u00eeches comme du basilic ou du persil pour plus de saveur.<\/li>\n<\/ul>\n<h3>Flammekueche sucr\u00e9e<\/h3>\n<p>Une variante originale consiste \u00e0 pr\u00e9parer une flammekueche sucr\u00e9e :<\/p>\n<ul>\n<li>Remplacez la cr\u00e8me par du mascarpone.<\/li>\n<li>Ajoutez des tranches de poires ou des pommes caram\u00e9lis\u00e9es.<\/li>\n<li>Saupoudrez de cannelle avant cuisson pour un go\u00fbt r\u00e9confortant.<\/li>\n<\/ul>\n<h3>Tableau comparatif des alternatives<\/h3>\n<table class=\"kwdbank-table\">\n<thead>\n<tr>\n<th>Type de flammekueche<\/th>\n<th>Ingr\u00e9dients principaux<\/th>\n<th>Temps de pr\u00e9paration<\/th>\n<th>Calories par portion<\/th>\n<\/tr>\n<\/thead>\n<tbody>\n<tr>\n<td>Traditionnelle<\/td>\n<td>Cr\u00e8me fra\u00eeche, lardons<\/td>\n<td>45 minutes<\/td>\n<td>Environ 400 kcal<\/td>\n<\/tr>\n<tr>\n<td>V\u00e9g\u00e9tarienne<\/td>\n<td>Cr\u00e8me, l\u00e9gumes<\/td>\n<td>45 minutes<\/td>\n<td>Environ 350 kcal<\/td>\n<\/tr>\n<tr>\n<td>Sucr\u00e9e<\/td>\n<td>Mascarpone, fruits<\/td>\n<td>45 minutes<\/td>\n<td>Environ 300 kcal<\/td>\n<\/tr>\n<\/tbody>\n<\/table>\n<h2>Pi\u00e8ge \u00e0 \u00e9viter<\/h2>\n<p>Un pi\u00e8ge courant lors de la pr\u00e9paration de flammekueche est une cuisson insuffisante. Pour obtenir une p\u00e2te croustillante, il est essentiel que le four soit bien pr\u00e9chauff\u00e9 et que la cuisson soit effectu\u00e9e \u00e0 haute temp\u00e9rature. Ne soyez pas tent\u00e9 de baisser la temp\u00e9rature pour prolonger le temps ; cela risque d\u2019assouplir votre p\u00e2te plut\u00f4t que de lui donner ce croustillant tant recherch\u00e9.<\/p>\n<h2>Conseils pour r\u00e9ussir votre flammekueche<\/h2>\n<ol>\n<li>Utilisez des ingr\u00e9dients frais pour un meilleur go\u00fbt.<\/li>\n<li>Ne surchargez pas en garniture ; cela peut rendre votre tarte humide.<\/li>\n<li>Servez imm\u00e9diatement apr\u00e8s cuisson pour profiter d\u2019une texture optimale.<\/li>\n<\/ol>\n<h2>FAQ sur la flammekueche<\/h2>\n<h3>Quelle est l\u2019origine de la flammekueche ?<\/h3>\n<p>La flammekueche vient d\u2019Alsace, o\u00f9 elle \u00e9tait traditionnellement pr\u00e9par\u00e9e par les paysans pour tester leur four avant leur utilisation.<\/p>\n<h3>Peut-on congeler une flammekueche ?<\/h3>\n<p>Oui, vous pouvez congeler une flammekueche crue. Il est recommand\u00e9 de ne pas ajouter les garnitures avant cuisson si vous pr\u00e9voyez cette option.<\/p>\n<h3>Quelle boisson accompagne bien une flammekueche ?<\/h3>\n<p>Un vin blanc alsacien tel qu\u2019un Riesling ou un Gewurztraminer accompagne parfaitement cette sp\u00e9cialit\u00e9.<\/p>\n<h3>Quelle est la diff\u00e9rence entre flammekueche et pizza ?<\/h3>\n<p>La principale diff\u00e9rence r\u00e9side dans la p\u00e2te : celle de la flammekueche est plus fine et croustillante, tandis que celle de la pizza peut \u00eatre plus \u00e9paisse et moelleuse.<\/p>\n<h3>Peut-on faire une version sans gluten ?<\/h3>\n<p>Oui, il existe des farines sans gluten qui peuvent \u00eatre utilis\u00e9es pour r\u00e9aliser la p\u00e2te \u00e0 flammekueche.<\/p>\n<h3>Quels sont les meilleurs accompagnements ?<\/h3>\n<p>Des salades fra\u00eeches ou des pommes de terre s\u2019accompagnent bien avec cette tarte flamb\u00e9e pour \u00e9quilibrer les saveurs riches.<\/p>\n<p>Pr\u00eat \u00e0 tenter votre propre flammekueche ? N\u2019h\u00e9sitez pas \u00e0 exp\u00e9rimenter avec diff\u00e9rentes garnitures selon vos go\u00fbts !<\/p>\n<hr>\n<div class=\"articles-lies\">\n<h3>&Agrave; lire aussi<\/h3>\n<ul>\n<li><a href=\"https:\/\/unepouledansmacuisine.fr\/blog\/quiche\/\">Quiche : Top 10 Recettes Faciles et Savoureuses<\/a><\/li>\n<li><a href=\"https:\/\/unepouledansmacuisine.fr\/blog\/quiche-aux-poireaux\/\">Quiche aux Poireaux : Recette Traditionnelle<\/a><\/li>\n<li><a href=\"https:\/\/unepouledansmacuisine.fr\/blog\/recette-cake-sale\/\">Recette Cake Sal\u00e9 : 15 Variantes Faciles<\/a><\/li>\n<li><a href=\"https:\/\/unepouledansmacuisine.fr\/blog\/quiche-au-thon\/\">Quiche au thon : recette facile et rapide<\/a><\/li>\n<\/ul>\n<\/div>\n","protected":false},"excerpt":{"rendered":"<p>La flammekueche, ou tarte flamb\u00e9e, est une sp\u00e9cialit\u00e9 culinaire d\u2019Alsace, souvent appr\u00e9ci\u00e9e pour sa simplicit\u00e9 et ses saveurs. Traditionnellement garnie de cr\u00e8me fra\u00eeche, d\u2019oignons et de lardons, elle se distingue par sa p\u00e2te fine et croustillante. Cet article vous propose de d\u00e9couvrir la recette classique ainsi que des alternatives \u00e0 cette pr\u00e9paration embl\u00e9matique, tout en [&hellip;]<\/p>\n","protected":false},"author":1,"featured_media":999999999,"comment_status":"open","ping_status":"open","sticky":false,"template":"","format":"standard","meta":{"footnotes":""},"categories":[9],"tags":[],"class_list":["post-38","post","type-post","status-publish","format-standard","has-post-thumbnail","hentry","category-quiches-tartes-cakes"],"yoast_head":"<!-- This site is optimized with the Yoast SEO plugin v27.8 - https:\/\/yoast.com\/product\/yoast-seo-wordpress\/ -->\n<title>Flammekueche Alsacienne : Recette Traditionnelle<\/title>\n<meta name=\"description\" content=\"La flammekueche, ou tarte flamb\u00e9e, est une sp\u00e9cialit\u00e9 culinaire d\u2019Alsace, souvent appr\u00e9ci\u00e9e pour sa simplicit\u00e9 et ses saveurs.\" \/>\n<meta name=\"robots\" content=\"index, follow, max-snippet:-1, max-image-preview:large, max-video-preview:-1\" \/>\n<link rel=\"canonical\" href=\"https:\/\/unepouledansmacuisine.fr\/blog\/flammekueche\/\" \/>\n<meta property=\"og:locale\" content=\"fr_FR\" \/>\n<meta property=\"og:type\" content=\"article\" \/>\n<meta property=\"og:title\" content=\"Flammekueche Alsacienne : Recette Traditionnelle\" \/>\n<meta property=\"og:description\" content=\"La flammekueche, ou tarte flamb\u00e9e, est une sp\u00e9cialit\u00e9 culinaire d\u2019Alsace, souvent appr\u00e9ci\u00e9e pour sa simplicit\u00e9 et ses saveurs.\" \/>\n<meta property=\"og:url\" content=\"https:\/\/unepouledansmacuisine.fr\/blog\/flammekueche\/\" \/>\n<meta property=\"og:site_name\" content=\"Une Poule dans ma Cuisine\" \/>\n<meta property=\"article:published_time\" content=\"2026-05-08T09:00:00+00:00\" \/>\n<meta property=\"article:modified_time\" content=\"2026-08-11T15:38:02+00:00\" \/>\n<meta name=\"author\" content=\"Laura Gauthereau\" \/>\n<meta name=\"twitter:card\" content=\"summary_large_image\" \/>\n<meta name=\"twitter:label1\" content=\"\u00c9crit par\" \/>\n\t<meta name=\"twitter:data1\" content=\"Laura Gauthereau\" \/>\n\t<meta name=\"twitter:label2\" content=\"Dur\u00e9e de lecture estim\u00e9e\" \/>\n\t<meta name=\"twitter:data2\" content=\"4 minutes\" \/>\n<script type=\"application\/ld+json\" class=\"yoast-schema-graph\">{\"@context\":\"https:\\\/\\\/schema.org\",\"@graph\":[{\"@type\":\"Article\",\"@id\":\"https:\\\/\\\/unepouledansmacuisine.fr\\\/blog\\\/flammekueche\\\/#article\",\"isPartOf\":{\"@id\":\"https:\\\/\\\/unepouledansmacuisine.fr\\\/blog\\\/flammekueche\\\/\"},\"author\":{\"name\":\"Laura Gauthereau\",\"@id\":\"https:\\\/\\\/unepouledansmacuisine.fr\\\/blog\\\/#\\\/schema\\\/person\\\/bdd2eae9a29e45bbb822e15b7bc09749\"},\"headline\":\"Flammekueche alsacienne : Recette traditionnelle\",\"datePublished\":\"2026-05-08T09:00:00+00:00\",\"dateModified\":\"2026-08-11T15:38:02+00:00\",\"mainEntityOfPage\":{\"@id\":\"https:\\\/\\\/unepouledansmacuisine.fr\\\/blog\\\/flammekueche\\\/\"},\"wordCount\":751,\"commentCount\":0,\"image\":{\"@id\":\"https:\\\/\\\/unepouledansmacuisine.fr\\\/blog\\\/flammekueche\\\/#primaryimage\"},\"thumbnailUrl\":\"https:\\\/\\\/images.pexels.com\\\/photos\\\/9419408\\\/pexels-photo-9419408.jpeg?auto=compress&cs=tinysrgb&fit=crop&h=627&w=1200\",\"articleSection\":[\"Quiches, Tartes &amp; Cakes sal\u00e9s\"],\"inLanguage\":\"fr-FR\",\"potentialAction\":[{\"@type\":\"CommentAction\",\"name\":\"Comment\",\"target\":[\"https:\\\/\\\/unepouledansmacuisine.fr\\\/blog\\\/flammekueche\\\/#respond\"]}]},{\"@type\":\"WebPage\",\"@id\":\"https:\\\/\\\/unepouledansmacuisine.fr\\\/blog\\\/flammekueche\\\/\",\"url\":\"https:\\\/\\\/unepouledansmacuisine.fr\\\/blog\\\/flammekueche\\\/\",\"name\":\"Flammekueche Alsacienne : Recette Traditionnelle\",\"isPartOf\":{\"@id\":\"https:\\\/\\\/unepouledansmacuisine.fr\\\/blog\\\/#website\"},\"primaryImageOfPage\":{\"@id\":\"https:\\\/\\\/unepouledansmacuisine.fr\\\/blog\\\/flammekueche\\\/#primaryimage\"},\"image\":{\"@id\":\"https:\\\/\\\/unepouledansmacuisine.fr\\\/blog\\\/flammekueche\\\/#primaryimage\"},\"thumbnailUrl\":\"https:\\\/\\\/images.pexels.com\\\/photos\\\/9419408\\\/pexels-photo-9419408.jpeg?auto=compress&cs=tinysrgb&fit=crop&h=627&w=1200\",\"datePublished\":\"2026-05-08T09:00:00+00:00\",\"dateModified\":\"2026-08-11T15:38:02+00:00\",\"author\":{\"@id\":\"https:\\\/\\\/unepouledansmacuisine.fr\\\/blog\\\/#\\\/schema\\\/person\\\/bdd2eae9a29e45bbb822e15b7bc09749\"},\"description\":\"La flammekueche, ou tarte flamb\u00e9e, est une sp\u00e9cialit\u00e9 culinaire d\u2019Alsace, souvent appr\u00e9ci\u00e9e pour sa simplicit\u00e9 et ses saveurs.\",\"breadcrumb\":{\"@id\":\"https:\\\/\\\/unepouledansmacuisine.fr\\\/blog\\\/flammekueche\\\/#breadcrumb\"},\"inLanguage\":\"fr-FR\",\"potentialAction\":[{\"@type\":\"ReadAction\",\"target\":[\"https:\\\/\\\/unepouledansmacuisine.fr\\\/blog\\\/flammekueche\\\/\"]}]},{\"@type\":\"ImageObject\",\"inLanguage\":\"fr-FR\",\"@id\":\"https:\\\/\\\/unepouledansmacuisine.fr\\\/blog\\\/flammekueche\\\/#primaryimage\",\"url\":\"https:\\\/\\\/images.pexels.com\\\/photos\\\/9419408\\\/pexels-photo-9419408.jpeg?auto=compress&cs=tinysrgb&fit=crop&h=627&w=1200\",\"contentUrl\":\"https:\\\/\\\/images.pexels.com\\\/photos\\\/9419408\\\/pexels-photo-9419408.jpeg?auto=compress&cs=tinysrgb&fit=crop&h=627&w=1200\"},{\"@type\":\"BreadcrumbList\",\"@id\":\"https:\\\/\\\/unepouledansmacuisine.fr\\\/blog\\\/flammekueche\\\/#breadcrumb\",\"itemListElement\":[{\"@type\":\"ListItem\",\"position\":1,\"name\":\"Home\",\"item\":\"https:\\\/\\\/unepouledansmacuisine.fr\\\/blog\\\/\"},{\"@type\":\"ListItem\",\"position\":2,\"name\":\"Flammekueche alsacienne : Recette traditionnelle\"}]},{\"@type\":\"WebSite\",\"@id\":\"https:\\\/\\\/unepouledansmacuisine.fr\\\/blog\\\/#website\",\"url\":\"https:\\\/\\\/unepouledansmacuisine.fr\\\/blog\\\/\",\"name\":\"Une Poule dans ma Cuisine\",\"description\":\"Recettes de tous les jours, test\u00e9es et expliqu\u00e9es\",\"potentialAction\":[{\"@type\":\"SearchAction\",\"target\":{\"@type\":\"EntryPoint\",\"urlTemplate\":\"https:\\\/\\\/unepouledansmacuisine.fr\\\/blog\\\/?s={search_term_string}\"},\"query-input\":{\"@type\":\"PropertyValueSpecification\",\"valueRequired\":true,\"valueName\":\"search_term_string\"}}],\"inLanguage\":\"fr-FR\"},{\"@type\":\"Person\",\"@id\":\"https:\\\/\\\/unepouledansmacuisine.fr\\\/blog\\\/#\\\/schema\\\/person\\\/bdd2eae9a29e45bbb822e15b7bc09749\",\"name\":\"Laura Gauthereau\",\"image\":{\"@type\":\"ImageObject\",\"inLanguage\":\"fr-FR\",\"@id\":\"https:\\\/\\\/unepouledansmacuisine.fr\\\/blog\\\/wp-content\\\/uploads\\\/2026\\\/06\\\/persona_laura-g-150x150.jpg\",\"url\":\"https:\\\/\\\/unepouledansmacuisine.fr\\\/blog\\\/wp-content\\\/uploads\\\/2026\\\/06\\\/persona_laura-g-150x150.jpg\",\"contentUrl\":\"https:\\\/\\\/unepouledansmacuisine.fr\\\/blog\\\/wp-content\\\/uploads\\\/2026\\\/06\\\/persona_laura-g-150x150.jpg\",\"caption\":\"Laura Gauthereau\"},\"description\":\"La cuisine est ma passion devenue m\u00e9tier : je r\u00e9dige sur la gastronomie, les recettes et l'art de bien manger depuis une dizaine d'ann\u00e9es. J'explore aussi bien la cuisine du quotidien que des univers plus pointus \u2014 le barbecue ma\u00eetris\u00e9, les saveurs de rue revisit\u00e9es, la p\u00e2tisserie ou la d\u00e9couverte des bonnes tables. J'aime expliquer le pourquoi d'une technique autant que le comment : pourquoi saisir, pourquoi laisser reposer, pourquoi cette association de go\u00fbts fonctionne. Avant de publier une recette, je la teste, j'ajuste les quantit\u00e9s et les temps de cuisson, et je propose des alternatives selon les r\u00e9gimes et les budgets. Je me m\u00e9fie des tendances qui ne tiennent pas en bouche. Mon angle : donner envie de cuisiner en rendant les choses accessibles, du d\u00e9butant intimid\u00e9 au gourmand qui veut progresser. Le plaisir reste mon premier crit\u00e8re, devant la performance.\",\"sameAs\":[\"https:\\\/\\\/lauragauthereau.fr\\\/\"],\"url\":\"https:\\\/\\\/unepouledansmacuisine.fr\\\/blog\\\/author\\\/laura-g\\\/\"}]}<\/script>\n<!-- \/ Yoast SEO plugin. -->","yoast_head_json":{"title":"Flammekueche Alsacienne : Recette Traditionnelle","description":"La flammekueche, ou tarte flamb\u00e9e, est une sp\u00e9cialit\u00e9 culinaire d\u2019Alsace, souvent appr\u00e9ci\u00e9e pour sa simplicit\u00e9 et ses saveurs.","robots":{"index":"index","follow":"follow","max-snippet":"max-snippet:-1","max-image-preview":"max-image-preview:large","max-video-preview":"max-video-preview:-1"},"canonical":"https:\/\/unepouledansmacuisine.fr\/blog\/flammekueche\/","og_locale":"fr_FR","og_type":"article","og_title":"Flammekueche Alsacienne : Recette Traditionnelle","og_description":"La flammekueche, ou tarte flamb\u00e9e, est une sp\u00e9cialit\u00e9 culinaire d\u2019Alsace, souvent appr\u00e9ci\u00e9e pour sa simplicit\u00e9 et ses saveurs.","og_url":"https:\/\/unepouledansmacuisine.fr\/blog\/flammekueche\/","og_site_name":"Une Poule dans ma Cuisine","article_published_time":"2026-05-08T09:00:00+00:00","article_modified_time":"2026-08-11T15:38:02+00:00","author":"Laura Gauthereau","twitter_card":"summary_large_image","twitter_misc":{"\u00c9crit par":"Laura Gauthereau","Dur\u00e9e de lecture estim\u00e9e":"4 minutes"},"schema":{"@context":"https:\/\/schema.org","@graph":[{"@type":"Article","@id":"https:\/\/unepouledansmacuisine.fr\/blog\/flammekueche\/#article","isPartOf":{"@id":"https:\/\/unepouledansmacuisine.fr\/blog\/flammekueche\/"},"author":{"name":"Laura Gauthereau","@id":"https:\/\/unepouledansmacuisine.fr\/blog\/#\/schema\/person\/bdd2eae9a29e45bbb822e15b7bc09749"},"headline":"Flammekueche alsacienne : Recette traditionnelle","datePublished":"2026-05-08T09:00:00+00:00","dateModified":"2026-08-11T15:38:02+00:00","mainEntityOfPage":{"@id":"https:\/\/unepouledansmacuisine.fr\/blog\/flammekueche\/"},"wordCount":751,"commentCount":0,"image":{"@id":"https:\/\/unepouledansmacuisine.fr\/blog\/flammekueche\/#primaryimage"},"thumbnailUrl":"https:\/\/images.pexels.com\/photos\/9419408\/pexels-photo-9419408.jpeg?auto=compress&cs=tinysrgb&fit=crop&h=627&w=1200","articleSection":["Quiches, Tartes &amp; Cakes sal\u00e9s"],"inLanguage":"fr-FR","potentialAction":[{"@type":"CommentAction","name":"Comment","target":["https:\/\/unepouledansmacuisine.fr\/blog\/flammekueche\/#respond"]}]},{"@type":"WebPage","@id":"https:\/\/unepouledansmacuisine.fr\/blog\/flammekueche\/","url":"https:\/\/unepouledansmacuisine.fr\/blog\/flammekueche\/","name":"Flammekueche Alsacienne : Recette Traditionnelle","isPartOf":{"@id":"https:\/\/unepouledansmacuisine.fr\/blog\/#website"},"primaryImageOfPage":{"@id":"https:\/\/unepouledansmacuisine.fr\/blog\/flammekueche\/#primaryimage"},"image":{"@id":"https:\/\/unepouledansmacuisine.fr\/blog\/flammekueche\/#primaryimage"},"thumbnailUrl":"https:\/\/images.pexels.com\/photos\/9419408\/pexels-photo-9419408.jpeg?auto=compress&cs=tinysrgb&fit=crop&h=627&w=1200","datePublished":"2026-05-08T09:00:00+00:00","dateModified":"2026-08-11T15:38:02+00:00","author":{"@id":"https:\/\/unepouledansmacuisine.fr\/blog\/#\/schema\/person\/bdd2eae9a29e45bbb822e15b7bc09749"},"description":"La flammekueche, ou tarte flamb\u00e9e, est une sp\u00e9cialit\u00e9 culinaire d\u2019Alsace, souvent appr\u00e9ci\u00e9e pour sa simplicit\u00e9 et ses saveurs.","breadcrumb":{"@id":"https:\/\/unepouledansmacuisine.fr\/blog\/flammekueche\/#breadcrumb"},"inLanguage":"fr-FR","potentialAction":[{"@type":"ReadAction","target":["https:\/\/unepouledansmacuisine.fr\/blog\/flammekueche\/"]}]},{"@type":"ImageObject","inLanguage":"fr-FR","@id":"https:\/\/unepouledansmacuisine.fr\/blog\/flammekueche\/#primaryimage","url":"https:\/\/images.pexels.com\/photos\/9419408\/pexels-photo-9419408.jpeg?auto=compress&cs=tinysrgb&fit=crop&h=627&w=1200","contentUrl":"https:\/\/images.pexels.com\/photos\/9419408\/pexels-photo-9419408.jpeg?auto=compress&cs=tinysrgb&fit=crop&h=627&w=1200"},{"@type":"BreadcrumbList","@id":"https:\/\/unepouledansmacuisine.fr\/blog\/flammekueche\/#breadcrumb","itemListElement":[{"@type":"ListItem","position":1,"name":"Home","item":"https:\/\/unepouledansmacuisine.fr\/blog\/"},{"@type":"ListItem","position":2,"name":"Flammekueche alsacienne : Recette traditionnelle"}]},{"@type":"WebSite","@id":"https:\/\/unepouledansmacuisine.fr\/blog\/#website","url":"https:\/\/unepouledansmacuisine.fr\/blog\/","name":"Une Poule dans ma Cuisine","description":"Recettes de tous les jours, test\u00e9es et expliqu\u00e9es","potentialAction":[{"@type":"SearchAction","target":{"@type":"EntryPoint","urlTemplate":"https:\/\/unepouledansmacuisine.fr\/blog\/?s={search_term_string}"},"query-input":{"@type":"PropertyValueSpecification","valueRequired":true,"valueName":"search_term_string"}}],"inLanguage":"fr-FR"},{"@type":"Person","@id":"https:\/\/unepouledansmacuisine.fr\/blog\/#\/schema\/person\/bdd2eae9a29e45bbb822e15b7bc09749","name":"Laura Gauthereau","image":{"@type":"ImageObject","inLanguage":"fr-FR","@id":"https:\/\/unepouledansmacuisine.fr\/blog\/wp-content\/uploads\/2026\/06\/persona_laura-g-150x150.jpg","url":"https:\/\/unepouledansmacuisine.fr\/blog\/wp-content\/uploads\/2026\/06\/persona_laura-g-150x150.jpg","contentUrl":"https:\/\/unepouledansmacuisine.fr\/blog\/wp-content\/uploads\/2026\/06\/persona_laura-g-150x150.jpg","caption":"Laura Gauthereau"},"description":"La cuisine est ma passion devenue m\u00e9tier : je r\u00e9dige sur la gastronomie, les recettes et l'art de bien manger depuis une dizaine d'ann\u00e9es. J'explore aussi bien la cuisine du quotidien que des univers plus pointus \u2014 le barbecue ma\u00eetris\u00e9, les saveurs de rue revisit\u00e9es, la p\u00e2tisserie ou la d\u00e9couverte des bonnes tables. J'aime expliquer le pourquoi d'une technique autant que le comment : pourquoi saisir, pourquoi laisser reposer, pourquoi cette association de go\u00fbts fonctionne. Avant de publier une recette, je la teste, j'ajuste les quantit\u00e9s et les temps de cuisson, et je propose des alternatives selon les r\u00e9gimes et les budgets. Je me m\u00e9fie des tendances qui ne tiennent pas en bouche. Mon angle : donner envie de cuisiner en rendant les choses accessibles, du d\u00e9butant intimid\u00e9 au gourmand qui veut progresser. Le plaisir reste mon premier crit\u00e8re, devant la performance.","sameAs":["https:\/\/lauragauthereau.fr\/"],"url":"https:\/\/unepouledansmacuisine.fr\/blog\/author\/laura-g\/"}]}},"_links":{"self":[{"href":"https:\/\/unepouledansmacuisine.fr\/blog\/wp-json\/wp\/v2\/posts\/38","targetHints":{"allow":["GET"]}}],"collection":[{"href":"https:\/\/unepouledansmacuisine.fr\/blog\/wp-json\/wp\/v2\/posts"}],"about":[{"href":"https:\/\/unepouledansmacuisine.fr\/blog\/wp-json\/wp\/v2\/types\/post"}],"author":[{"embeddable":true,"href":"https:\/\/unepouledansmacuisine.fr\/blog\/wp-json\/wp\/v2\/users\/1"}],"replies":[{"embeddable":true,"href":"https:\/\/unepouledansmacuisine.fr\/blog\/wp-json\/wp\/v2\/comments?post=38"}],"version-history":[{"count":2,"href":"https:\/\/unepouledansmacuisine.fr\/blog\/wp-json\/wp\/v2\/posts\/38\/revisions"}],"predecessor-version":[{"id":528,"href":"https:\/\/unepouledansmacuisine.fr\/blog\/wp-json\/wp\/v2\/posts\/38\/revisions\/528"}],"wp:attachment":[{"href":"https:\/\/unepouledansmacuisine.fr\/blog\/wp-json\/wp\/v2\/media?parent=38"}],"wp:term":[{"taxonomy":"category","embeddable":true,"href":"https:\/\/unepouledansmacuisine.fr\/blog\/wp-json\/wp\/v2\/categories?post=38"},{"taxonomy":"post_tag","embeddable":true,"href":"https:\/\/unepouledansmacuisine.fr\/blog\/wp-json\/wp\/v2\/tags?post=38"}],"curies":[{"name":"wp","href":"https:\/\/api.w.org\/{rel}","templated":true}]}}