{"id":469,"date":"2026-07-28T12:00:57","date_gmt":"2026-07-28T12:00:57","guid":{"rendered":"https:\/\/unepouledansmacuisine.fr\/blog\/index.php\/2026\/07\/28\/barbecue-interdit-ou-pourquoi-et-ce-que-vous-risquez\/"},"modified":"2026-08-11T15:38:04","modified_gmt":"2026-08-11T15:38:04","slug":"barbecue-interdit-ou-pourquoi-et-ce-que-vous-risquez","status":"publish","type":"post","link":"https:\/\/unepouledansmacuisine.fr\/blog\/barbecue-interdit-ou-pourquoi-et-ce-que-vous-risquez\/","title":{"rendered":"Barbecue interdit ? O\u00f9, pourquoi, et ce que vous risquez"},"content":{"rendered":"<div style=\"background:#f0f7ff;border-left:4px solid #2563eb;padding:16px 20px;margin:0 0 28px;border-radius:6px\">\n<p><strong>\u26a1 En bref<\/strong><\/p>\n<ul>\n<li><strong>Mercredi 29 juillet 2026<\/strong>, 42 d\u00e9partements \u2014 dont les 8 d&rsquo;\u00cele-de-France \u2014 sont class\u00e9s en danger \u00ab <strong>\u00e9lev\u00e9<\/strong> \u00bb de feu de for\u00eat par M\u00e9t\u00e9o-France.<\/li>\n<li>Le <strong>code forestier<\/strong> interdit toute l&rsquo;ann\u00e9e, \u00e0 qui n&rsquo;est pas propri\u00e9taire du terrain bois\u00e9 ou son ayant droit, d&rsquo;allumer un feu \u00e0 moins de <strong>200 m\u00e8tres<\/strong> des bois et for\u00eats.<\/li>\n<li>Les arr\u00eat\u00e9s pr\u00e9fectoraux visent d&rsquo;abord le <strong>combustible solide<\/strong> (charbon de bois, bois) : le <strong>gaz<\/strong> et l&rsquo;<strong>\u00e9lectrique<\/strong> restent souvent tol\u00e9r\u00e9s, loin de la v\u00e9g\u00e9tation.<\/li>\n<li>L&rsquo;amende r\u00e9ellement encourue est une <strong>contravention de 4e classe<\/strong> : <strong>135 \u20ac<\/strong> forfaitaires, et non les 750 \u20ac souvent cit\u00e9s, qui sont un plafond.<\/li>\n<\/ul>\n<\/div>\n<p><strong>Oui, un barbecue reste possible cette semaine dans la plupart des jardins fran\u00e7ais, mais la r\u00e9ponse d\u00e9pend de trois choses seulement : votre d\u00e9partement, la distance qui vous s\u00e9pare des bois, et surtout le combustible que vous utilisez \u2014 charbon de bois et bois d&rsquo;un c\u00f4t\u00e9, gaz et \u00e9lectrique de l&rsquo;autre.<\/strong><\/p>\n<h2>Pic de chaleur mercredi : pourquoi la question se pose maintenant<\/h2>\n<p>Mercredi 29 juillet 2026 marque le pic de la quatri\u00e8me vague de chaleur de l&rsquo;\u00e9t\u00e9. Les pr\u00e9visions annoncent <strong>38 \u00b0C \u00e0 Paris et \u00e0 Tours<\/strong>, <strong>36 \u00b0C \u00e0 Lyon et Grenoble<\/strong>, des pointes \u00e0 <strong>40 \u00b0C<\/strong> sur le Sud-Ouest et localement <strong>40 \u00e0 42 \u00b0C<\/strong> de l&rsquo;Aquitaine au Midi toulousain, au Centre et sur une partie du Massif central. Jeudi 30, la chaleur se d\u00e9cale vers l&rsquo;Est.<\/p>\n<p>Le bulletin de vigilance de M\u00e9t\u00e9o-France du <strong>28 juillet \u00e0 06h00<\/strong> pla\u00e7ait <strong>20 d\u00e9partements en vigilance jaune canicule<\/strong> ce mardi, et <strong>72 d\u00e9partements<\/strong> mercredi. Aucun n&rsquo;\u00e9tait alors en orange ni en rouge pour la canicule. Mais le danger d&rsquo;incendie, lui, grimpe nettement plus vite que la couleur de la carte canicule \u2014 et c&rsquo;est lui qui d\u00e9cide de ce que vous avez le droit d&rsquo;allumer.<\/p>\n<p>Pour la journ\u00e9e de <strong>mercredi 29 juillet<\/strong>, M\u00e9t\u00e9o-France a class\u00e9 en danger \u00ab <strong>\u00e9lev\u00e9<\/strong> \u00bb de feu de for\u00eat les <strong>8 d\u00e9partements d&rsquo;\u00cele-de-France<\/strong> (Paris, Hauts-de-Seine, Seine-Saint-Denis, Val-de-Marne, Essonne, Yvelines, Val-d&rsquo;Oise, Seine-et-Marne), ainsi que <strong>34 autres d\u00e9partements<\/strong>, soit <strong>42 au total<\/strong>.<\/p>\n<p>Un point que beaucoup de lecteurs interpr\u00e8tent de travers : cette carte n&rsquo;est pas une liste de d\u00e9partements o\u00f9 un feu est en cours. C&rsquo;est une pr\u00e9vision de conditions.<\/p>\n<blockquote style=\"border-left:4px solid #d97706;background:#fffbeb;margin:24px 0;padding:16px 20px;border-radius:6px;font-style:italic\"><p>M\u00e9t\u00e9o-France pr\u00e9cise qu&rsquo;il ne s&rsquo;agit pas d&rsquo;une liste de d\u00e9partements o\u00f9 un feu est en cours, mais d&rsquo;une mesure de pr\u00e9vention, pour que \u00ab chacun adapte ses comportements en fonction du danger pr\u00e9visible \u00bb ; les conditions m\u00e9t\u00e9orologiques \u00ab influencent fortement le d\u00e9part et la propagation des feux \u00bb.<\/p><\/blockquote>\n<p>Le rappel qui vaut d&rsquo;\u00eatre gard\u00e9 en t\u00eate en pr\u00e9parant les brochettes : <strong>9 feux sur 10 sont d&rsquo;origine humaine<\/strong>, le plus souvent par imprudence \u2014 un barbecue mal surveill\u00e9 trop pr\u00e8s de la v\u00e9g\u00e9tation, un m\u00e9got, des \u00e9tincelles provoqu\u00e9es par des travaux.<\/p>\n<h2>La r\u00e8gle de base, valable toute l&rsquo;ann\u00e9e : les 200 m\u00e8tres<\/h2>\n<p>Avant m\u00eame de parler de canicule, la loi pose un socle permanent. Le <strong>code forestier<\/strong> interdit \u00e0 toute personne autre que le propri\u00e9taire du terrain bois\u00e9 ou son ayant droit de <strong>porter ou d&rsquo;allumer du feu<\/strong> \u00e0 l&rsquo;int\u00e9rieur et <strong>jusqu&rsquo;\u00e0 200 m\u00e8tres<\/strong> des bois, for\u00eats, plantations et reboisements. Cette r\u00e8gle s&rsquo;applique <strong>toute l&rsquo;ann\u00e9e<\/strong>, ind\u00e9pendamment de la s\u00e9cheresse et des bulletins m\u00e9t\u00e9o.<\/p>\n<p>La nuance compte, et elle est r\u00e9guli\u00e8rement escamot\u00e9e : ce qui fait basculer votre situation, ce n&rsquo;est pas d&rsquo;\u00eatre \u00ab chez vous \u00bb, c&rsquo;est de savoir <strong>\u00e0 qui appartient le bois voisin<\/strong>. Un jardin priv\u00e9 situ\u00e9 \u00e0 150 m\u00e8tres d&rsquo;un massif qui ne vous appartient pas tombe sous cette interdiction ; le m\u00eame jardin \u00e0 150 m\u00e8tres de votre propre parcelle bois\u00e9e rel\u00e8ve d&rsquo;un autre r\u00e9gime.<\/p>\n<h2>Arr\u00eat\u00e9s pr\u00e9fectoraux : quatre d\u00e9partements, quatre niveaux de s\u00e9v\u00e9rit\u00e9<\/h2>\n<h3>Loire : combustible solide interdit sur tout le d\u00e9partement<\/h3>\n<p>Dans la <strong>Loire<\/strong>, un arr\u00eat\u00e9 pr\u00e9fectoral du <strong>22 juillet 2026<\/strong> interdit sur l&rsquo;ensemble du d\u00e9partement \u00ab <strong>l&rsquo;allumage et l&rsquo;usage de barbecues, braseros, m\u00e9chouis et feux de camp utilisant un combustible solide<\/strong> \u00bb. Charbon de bois et bois sont donc proscrits, y compris dans un jardin priv\u00e9. L&rsquo;arr\u00eat\u00e9 pr\u00e9cise que ces mesures restent en vigueur \u00ab <strong>jusqu&rsquo;\u00e0 une \u00e9volution favorable de la situation m\u00e9t\u00e9orologique<\/strong> \u00bb, et que leur violation \u00ab est passible d&rsquo;une amende pr\u00e9vue pour les contraventions de la 4e classe \u00bb.<\/p>\n<h3>Pyr\u00e9n\u00e9es-Orientales : vigilance rouge, plus aucune marge<\/h3>\n<p>Les <strong>Pyr\u00e9n\u00e9es-Orientales<\/strong> sont pass\u00e9es un cran au-dessus le <strong>dimanche 26 juillet 2026<\/strong> : tout le d\u00e9partement a \u00e9t\u00e9 plac\u00e9 en vigilance <strong>rouge<\/strong> pour risque exceptionnel d&rsquo;incendie. L&rsquo;acc\u00e8s aux for\u00eats, les barbecues et les feux d&rsquo;artifice y sont strictement interdits. Dans ce cas de figure, la question du combustible ne se pose plus.<\/p>\n<h3>Gironde : le barbecue n&rsquo;est pas nomm\u00e9, mais il est bien vis\u00e9<\/h3>\n<p>En <strong>Gironde<\/strong>, le niveau de vigilance feux de for\u00eat a \u00e9t\u00e9 port\u00e9 au niveau <strong>exceptionnel (5 sur 5)<\/strong> depuis le <strong>samedi 25 juillet 2026<\/strong>. Un arr\u00eat\u00e9 pr\u00e9fectoral du <strong>23 juillet 2026<\/strong> interdit <strong>24 heures sur 24<\/strong> l&rsquo;utilisation de moteurs thermiques et \u00e9lectriques ainsi que de \u00ab <strong>toute source d&rsquo;ignition<\/strong> \u00bb dans les espaces expos\u00e9s des communes \u00e0 dominante foresti\u00e8re, avec des d\u00e9rogations encadr\u00e9es pour certaines activit\u00e9s agricoles.<\/p>\n<p>Le mot \u00ab barbecue \u00bb n&rsquo;appara\u00eet pas dans ce texte. C&rsquo;est la formule \u00ab toute source d&rsquo;ignition \u00bb qui l&rsquo;englobe \u2014 un d\u00e9tail de r\u00e9daction qui trompe r\u00e9guli\u00e8rement les lecteurs venus chercher le mot exact dans l&rsquo;arr\u00eat\u00e9. Feux d&rsquo;artifice et br\u00fblage de d\u00e9chets verts sont par ailleurs interdits sur l&rsquo;ensemble du d\u00e9partement.<\/p>\n<h3>Puy-de-D\u00f4me : une recommandation, pas une interdiction<\/h3>\n<p>Dans le <strong>Puy-de-D\u00f4me<\/strong>, le registre est diff\u00e9rent : les barbecues ne sont <strong>pas formellement interdits<\/strong> par l&rsquo;arr\u00eat\u00e9 pr\u00e9fectoral, mais la pr\u00e9f\u00e8te appelle \u00e0 ne pas en allumer pr\u00e8s des zones bois\u00e9es. Ici, la marge existe encore, et c&rsquo;est l&#8217;emplacement qui d\u00e9cide.<\/p>\n<h2>Charbon, gaz, \u00e9lectrique : le point que la plupart des articles ratent<\/h2>\n<p>La grande majorit\u00e9 des arr\u00eat\u00e9s ne visent pas \u00ab le barbecue \u00bb en bloc : ils visent le <strong>combustible solide<\/strong>, c&rsquo;est-\u00e0-dire le <strong>charbon de bois<\/strong> et le <strong>bois<\/strong>. La logique est physique autant que juridique : ces appareils produisent des braises qui restent incandescentes longtemps apr\u00e8s le repas, projettent des \u00e9tincelles et d\u00e9gagent beaucoup de fum\u00e9e.<\/p>\n<p>Les appareils au <strong>gaz<\/strong> et les appareils <strong>\u00e9lectriques<\/strong> restent, eux, g\u00e9n\u00e9ralement tol\u00e9r\u00e9s, \u00e0 condition d&rsquo;\u00eatre install\u00e9s \u00e0 distance de la v\u00e9g\u00e9tation et surveill\u00e9s. Attention toutefois : aucun texte national ne consacre un \u00ab droit au barbecue \u00e0 gaz \u00bb. Les formulations larges du type \u00ab toute source d&rsquo;ignition \u00bb, comme en Gironde, ou les situations de vigilance rouge, comme dans les Pyr\u00e9n\u00e9es-Orientales, couvrent aussi le gaz et parfois l&rsquo;\u00e9lectrique.<\/p>\n<p>Concr\u00e8tement, pour un repas d\u00e9j\u00e0 pr\u00e9vu : si le charbon est interdit chez vous, une <strong>plancha \u00e9lectrique<\/strong> ou un <strong>barbecue au gaz<\/strong> correctement install\u00e9 reste tr\u00e8s souvent la porte de sortie l\u00e9gale.<\/p>\n<h2>Cinq situations concr\u00e8tes, et ce qu&rsquo;il faut v\u00e9rifier pour chacune<\/h2>\n<table style=\"width:100%;border-collapse:collapse;margin:24px 0;font-size:15px\">\n<thead>\n<tr style=\"background:#1e293b;color:#fff\">\n<th style=\"padding:10px;text-align:left;border:1px solid #cbd5e1\">Situation<\/th>\n<th style=\"padding:10px;text-align:left;border:1px solid #cbd5e1\">Charbon \/ bois<\/th>\n<th style=\"padding:10px;text-align:left;border:1px solid #cbd5e1\">Gaz \/ \u00e9lectrique<\/th>\n<th style=\"padding:10px;text-align:left;border:1px solid #cbd5e1\">Ce qu&rsquo;il faut v\u00e9rifier<\/th>\n<\/tr>\n<\/thead>\n<tbody>\n<tr>\n<td style=\"padding:10px;border:1px solid #cbd5e1\"><strong>Jardin priv\u00e9, loin de tout bois<\/strong><\/td>\n<td style=\"padding:10px;border:1px solid #cbd5e1\">Autoris\u00e9, sauf arr\u00eat\u00e9 pr\u00e9fectoral visant le combustible solide (cas de la Loire)<\/td>\n<td style=\"padding:10px;border:1px solid #cbd5e1\">G\u00e9n\u00e9ralement tol\u00e9r\u00e9, \u00e0 distance de la v\u00e9g\u00e9tation et sous surveillance<\/td>\n<td style=\"padding:10px;border:1px solid #cbd5e1\">Site de la pr\u00e9fecture, rubrique \u00ab emploi du feu \u00bb ou \u00ab feux de for\u00eat \u00bb<\/td>\n<\/tr>\n<tr style=\"background:#f8fafc\">\n<td style=\"padding:10px;border:1px solid #cbd5e1\"><strong>Jardin \u00e0 moins de 200 m d&rsquo;un bois qui ne vous appartient pas<\/strong><\/td>\n<td style=\"padding:10px;border:1px solid #cbd5e1\">Interdit par la r\u00e8gle permanente du code forestier<\/td>\n<td style=\"padding:10px;border:1px solid #cbd5e1\">\u00c9galement concern\u00e9 : le texte vise le fait de porter ou d&rsquo;allumer du feu, pas un type d&rsquo;appareil<\/td>\n<td style=\"padding:10px;border:1px solid #cbd5e1\">La distance r\u00e9elle au massif, et \u00e0 qui il appartient<\/td>\n<\/tr>\n<tr>\n<td style=\"padding:10px;border:1px solid #cbd5e1\"><strong>En for\u00eat, ou en bordure de massif<\/strong><\/td>\n<td style=\"padding:10px;border:1px solid #cbd5e1\">Interdit \u00e0 toute personne autre que le propri\u00e9taire ou son ayant droit<\/td>\n<td style=\"padding:10px;border:1px solid #cbd5e1\">Interdit dans les m\u00eames conditions<\/td>\n<td style=\"padding:10px;border:1px solid #cbd5e1\">Panneaux sur place, arr\u00eat\u00e9s d&rsquo;acc\u00e8s aux massifs<\/td>\n<\/tr>\n<tr style=\"background:#f8fafc\">\n<td style=\"padding:10px;border:1px solid #cbd5e1\"><strong>Balcon ou terrasse en copropri\u00e9t\u00e9<\/strong><\/td>\n<td style=\"padding:10px;border:1px solid #cbd5e1\">Souvent \u00e9cart\u00e9 par le r\u00e8glement de copropri\u00e9t\u00e9<\/td>\n<td style=\"padding:10px;border:1px solid #cbd5e1\">Mieux accept\u00e9, mais peut \u00eatre interdit par le m\u00eame r\u00e8glement<\/td>\n<td style=\"padding:10px;border:1px solid #cbd5e1\">Le r\u00e8glement de copropri\u00e9t\u00e9 et les arr\u00eat\u00e9s municipaux, pas le code p\u00e9nal<\/td>\n<\/tr>\n<tr>\n<td style=\"padding:10px;border:1px solid #cbd5e1\"><strong>D\u00e9partement en vigilance rouge incendie<\/strong><\/td>\n<td style=\"padding:10px;border:1px solid #cbd5e1\">Interdit, y compris chez soi<\/td>\n<td style=\"padding:10px;border:1px solid #cbd5e1\">Interdit \u00e9galement : les textes parlent de tout feu ou de \u00ab toute source d&rsquo;ignition \u00bb<\/td>\n<td style=\"padding:10px;border:1px solid #cbd5e1\">Le niveau de vigilance du jour et les arr\u00eat\u00e9s en cours<\/td>\n<\/tr>\n<\/tbody>\n<\/table>\n<h2>Balcon et copropri\u00e9t\u00e9 : le droit ne s&rsquo;arr\u00eate pas \u00e0 la porte-fen\u00eatre<\/h2>\n<p>Aucune loi nationale n&rsquo;interdit le <strong>barbecue sur un balcon<\/strong>. Tout se joue dans le <strong>r\u00e8glement de copropri\u00e9t\u00e9<\/strong>, \u00e9ventuellement dans un arr\u00eat\u00e9 municipal, et dans les r\u00e8gles de voisinage. Un barbecue au gaz peut donc \u00eatre irr\u00e9prochable au regard du risque incendie et pourtant en infraction avec le r\u00e8glement de l&rsquo;immeuble. Les fum\u00e9es et les odeurs r\u00e9p\u00e9t\u00e9es peuvent en outre \u00eatre invoqu\u00e9es par un voisin au titre du trouble anormal de voisinage.<\/p>\n<p>Les sapeurs-pompiers de Paris rappellent par ailleurs une r\u00e8gle qui n&rsquo;a rien \u00e0 voir avec les arr\u00eat\u00e9s pr\u00e9fectoraux, et qui vaut partout et toute l&rsquo;ann\u00e9e : un barbecue ne doit <strong>jamais<\/strong> \u00eatre utilis\u00e9 \u00e0 l&rsquo;int\u00e9rieur ou dans un espace clos, sous peine d&rsquo;<strong>intoxication au monoxyde de carbone<\/strong> \u2014 un gaz invisible et inodore \u2014 ou de d\u00e9part de feu.<\/p>\n<figure style=\"margin:24px auto;max-width:560px;\">\n<div style=\"position:relative;padding-bottom:56.25%;height:0;max-width:560px;margin:0 auto;\"><iframe src=\"https:\/\/www.youtube-nocookie.com\/embed\/o5v6ikrq_7A\" style=\"position:absolute;top:0;left:0;width:100%;height:100%;border:none;border-radius:12px;\" loading=\"lazy\" title=\"Publication r\u00e9seau social\" allowfullscreen><\/iframe><\/div><figcaption style=\"text-align:center;font-size:13px;color:#666;margin-top:8px;\">\u00ab Le risque des BBQ \u00bb \u2014 vid\u00e9o de pr\u00e9vention des Sapeurs-pompiers de Paris (cha\u00eene officielle @sapeurspompiersparis, 1 730 vues, 156 likes au 28 juillet 2026).<\/figcaption><\/figure>\n<h2>Ce que l&rsquo;on risque vraiment : 135 \u20ac, pas 750 \u20ac<\/h2>\n<h3>Le barbecue allum\u00e9 malgr\u00e9 une interdiction<\/h3>\n<p>Allumer un barbecue en violation d&rsquo;un arr\u00eat\u00e9, ou dans une zone o\u00f9 le feu est interdit, constitue une <strong>contravention de 4e classe<\/strong>. Le montant que l&rsquo;on lit le plus souvent \u2014 <strong>750 \u20ac<\/strong> \u2014 est le <strong>maximum<\/strong> que peut prononcer un tribunal de police, pas ce que vous paierez en cas de contr\u00f4le.<\/p>\n<p>En pratique, l&rsquo;<strong>amende forfaitaire<\/strong> d&rsquo;une contravention de 4e classe s&rsquo;\u00e9l\u00e8ve \u00e0 <strong>135 \u20ac<\/strong>. Elle tombe \u00e0 <strong>90 \u20ac<\/strong> en cas de paiement rapide, et monte \u00e0 <strong>375 \u20ac<\/strong> si elle est major\u00e9e.<\/p>\n<h3>Le barbecue qui d\u00e9clenche un incendie<\/h3>\n<p>Le registre change compl\u00e8tement si les flammes \u00e9chappent au contr\u00f4le. L&rsquo;article <strong>322-5 du code p\u00e9nal<\/strong> punit d&rsquo;<strong>un an d&#8217;emprisonnement et de 15 000 \u20ac d&rsquo;amende<\/strong> la destruction involontaire par incendie caus\u00e9e par un manquement \u00e0 une obligation de s\u00e9curit\u00e9. Les peines montent \u00e0 <strong>deux ans et 30 000 \u20ac<\/strong> lorsque l&rsquo;incendie touche des bois, for\u00eats, landes, maquis, plantations ou reboisements appartenant \u00e0 autrui, et \u00e0 <strong>trois ans et 45 000 \u20ac<\/strong> en cas de violation manifestement d\u00e9lib\u00e9r\u00e9e d&rsquo;une obligation particuli\u00e8re de s\u00e9curit\u00e9.<\/p>\n<p>Autrement dit : entre le barbecue interdit et le barbecue qui part en incendie, l&rsquo;\u00e9cart n&rsquo;est pas de quelques centaines d&rsquo;euros, il est d&rsquo;un facteur cent et d&rsquo;une peine de prison.<\/p>\n<h2>En cas de d\u00e9part de feu : les r\u00e9flexes<\/h2>\n<ul>\n<li>Alerter imm\u00e9diatement les pompiers au <strong>112<\/strong>, au <strong>18<\/strong>, ou au <strong>114<\/strong> pour les personnes malentendantes.<\/li>\n<li>Donner le maximum d&rsquo;indications sur la <strong>localisation<\/strong> du d\u00e9part de feu.<\/li>\n<li>Se mettre \u00e0 l&rsquo;abri dans une <strong>habitation d\u00e9broussaill\u00e9e<\/strong>.<\/li>\n<li><strong>Ne pas s&rsquo;abriter dans une voiture.<\/strong><\/li>\n<li>Suivre les consignes des secours ou du maire.<\/li>\n<\/ul>\n<h2>C\u00f4t\u00e9 cuisine : adapter le repas sans prendre de risque<\/h2>\n<p>Si le charbon est vis\u00e9 par un arr\u00eat\u00e9 chez vous, basculer sur le <strong>gaz<\/strong> ou l&rsquo;<strong>\u00e9lectrique<\/strong> sauve le repas dans la plupart des cas. Trois r\u00e9flexes compl\u00e8tent utilement la man\u0153uvre par ces temp\u00e9ratures :<\/p>\n<ul>\n<li><strong>Garder un point d&rsquo;eau \u00e0 port\u00e9e de main<\/strong> \u2014 seau, arrosoir ou tuyau \u2014 pendant toute la cuisson, et apr\u00e8s.<\/li>\n<li><strong>Ne jamais vider les braises<\/strong> dans un composteur, un bac \u00e0 d\u00e9chets verts ou sur un sol sec : elles restent chaudes bien apr\u00e8s le dessert.<\/li>\n<li><strong>D\u00e9caler la cuisson en soir\u00e9e<\/strong> plut\u00f4t qu&rsquo;en plein apr\u00e8s-midi \u00e0 40 \u00b0C, quand la v\u00e9g\u00e9tation est la plus s\u00e8che et l&rsquo;hygrom\u00e9trie au plus bas.<\/li>\n<\/ul>\n<p>Sur le reste de la maison pendant ce pic, deux lectures compl\u00e9mentaires : <a href=\"https:\/\/decodumoment.fr\/amenagement-travaux-8384-comment-rafraichir-sa-maison-sans-climatisation-pendant-la-canicule\">comment rafra\u00eechir sa maison sans climatisation<\/a> et, c\u00f4t\u00e9 ext\u00e9rieur, <a href=\"https:\/\/conseils-maison.fr\/jardinage-exterieur-8647-restrictions-deau-votre-commune-est-elle-concernee-et-que-pouvez-vous-encore-arroser\">ce que les restrictions d&rsquo;eau autorisent encore \u00e0 arroser<\/a>. Et si le repas se termine par une viande pass\u00e9e trop longtemps sur la grille, tout n&rsquo;est pas perdu : voir <a href=\"https:\/\/unepouledansmacuisine.fr\/blog\/comment-rattraper-une-viande-trop-cuite-et-seche\/\">comment rattraper une viande trop cuite<\/a>.<\/p>\n<h2>Comment v\u00e9rifier, ce soir, si le barbecue est autoris\u00e9 chez vous<\/h2>\n<p>Les arr\u00eat\u00e9s \u00e9voluent vite, parfois en moins de 24 heures. La seule source qui fasse foi est la <strong>pr\u00e9fecture de votre d\u00e9partement<\/strong>. La v\u00e9rification tient en quatre points :<\/p>\n<ol>\n<li>Mesurer la <strong>distance aux bois et for\u00eats<\/strong> les plus proches, et identifier \u00e0 qui ils appartiennent.<\/li>\n<li>D\u00e9terminer le <strong>combustible<\/strong> : charbon de bois et bois d&rsquo;un c\u00f4t\u00e9, gaz et \u00e9lectrique de l&rsquo;autre.<\/li>\n<li>Consulter le site de la <strong>pr\u00e9fecture<\/strong> (rubriques \u00ab feux de for\u00eat \u00bb, \u00ab emploi du feu \u00bb, \u00ab canicule \u00bb), puis celui de la mairie.<\/li>\n<li>Pour un balcon ou une terrasse partag\u00e9e, relire le <strong>r\u00e8glement de copropri\u00e9t\u00e9<\/strong>.<\/li>\n<\/ol>\n<h2>Questions fr\u00e9quentes<\/h2>\n<details style=\"border:1px solid #e2e8f0;border-radius:8px;padding:14px 18px;margin-bottom:12px\">\n<summary style=\"font-weight:600;cursor:pointer\">Peut-on faire un barbecue au gaz quand le charbon de bois est interdit ?<\/summary>\n<p>Dans de nombreux arr\u00eat\u00e9s, l&rsquo;interdiction vise <strong>explicitement le combustible solide<\/strong>, charbon de bois et bois. Le barbecue au gaz reste alors g\u00e9n\u00e9ralement tol\u00e9r\u00e9, \u00e0 condition d&rsquo;\u00eatre \u00e9loign\u00e9 de la v\u00e9g\u00e9tation et surveill\u00e9. Mais certains textes sont plus larges : l&rsquo;arr\u00eat\u00e9 de la Gironde du 23 juillet 2026 interdit \u00ab toute source d&rsquo;ignition \u00bb dans les espaces expos\u00e9s, et une vigilance rouge comme celle des Pyr\u00e9n\u00e9es-Orientales couvre tout feu ext\u00e9rieur. La r\u00e9ponse d\u00e9pend donc de l&rsquo;arr\u00eat\u00e9 pr\u00e9cis de votre d\u00e9partement.<\/p>\n<\/details>\n<details style=\"border:1px solid #e2e8f0;border-radius:8px;padding:14px 18px;margin-bottom:12px\">\n<summary style=\"font-weight:600;cursor:pointer\">Quelle amende risque-t-on vraiment pour un barbecue interdit ?<\/summary>\n<p>Il s&rsquo;agit d&rsquo;une <strong>contravention de 4e classe<\/strong>. L&rsquo;amende forfaitaire est de <strong>135 \u20ac<\/strong>, r\u00e9duite \u00e0 <strong>90 \u20ac<\/strong> en cas de paiement rapide et port\u00e9e \u00e0 <strong>375 \u20ac<\/strong> si elle est major\u00e9e. Les <strong>750 \u20ac<\/strong> fr\u00e9quemment cit\u00e9s correspondent au maximum l\u00e9gal pronon\u00e7able par un tribunal de police, pas au montant d&rsquo;un contr\u00f4le ordinaire. En revanche, si le barbecue provoque un incendie, on quitte la contravention pour le d\u00e9lit, avec des peines qui d\u00e9marrent \u00e0 un an de prison et 15 000 \u20ac d&rsquo;amende.<\/p>\n<\/details>\n<details style=\"border:1px solid #e2e8f0;border-radius:8px;padding:14px 18px;margin-bottom:12px\">\n<summary style=\"font-weight:600;cursor:pointer\">Comment savoir si mon d\u00e9partement interdit le barbecue aujourd&rsquo;hui ?<\/summary>\n<p>La r\u00e9ponse se trouve uniquement dans les <strong>communications officielles de la pr\u00e9fecture<\/strong> : site internet, communiqu\u00e9s de presse, arr\u00eat\u00e9s \u00ab emploi du feu \u00bb. Les listes qui circulent dans les m\u00e9dias et sur les r\u00e9seaux sociaux vieillissent en quelques heures. Pensez aussi \u00e0 la r\u00e8gle permanente des <strong>200 m\u00e8tres<\/strong> du code forestier, qui s&rsquo;applique m\u00eame sans arr\u00eat\u00e9 particulier, et \u00e0 la <strong>M\u00e9t\u00e9o des for\u00eats<\/strong> de M\u00e9t\u00e9o-France pour conna\u00eetre le niveau de danger du jour.<\/p>\n<\/details>\n<div style=\"background:#f0fdf4;border-left:4px solid #16a34a;padding:16px 20px;margin:28px 0 0;border-radius:6px\">\n<p><strong>\u2705 \u00c0 retenir<\/strong><\/p>\n<ul>\n<li>Trois questions avant d&rsquo;allumer : <strong>quel d\u00e9partement<\/strong>, <strong>\u00e0 quelle distance des bois<\/strong>, <strong>quel combustible<\/strong>.<\/li>\n<li>Le <strong>gaz<\/strong> et l&rsquo;<strong>\u00e9lectrique<\/strong> sont la porte de sortie l\u00e9gale la plus fr\u00e9quente quand le charbon est vis\u00e9 par un arr\u00eat\u00e9.<\/li>\n<li>La r\u00e8gle des <strong>200 m\u00e8tres<\/strong> du code forestier s&rsquo;applique toute l&rsquo;ann\u00e9e, s\u00e9cheresse ou pas.<\/li>\n<li>L&rsquo;amende ordinaire est de <strong>135 \u20ac<\/strong> ; le vrai risque, c&rsquo;est l&rsquo;incendie, \u00e0 partir d&rsquo;un an de prison et 15 000 \u20ac d&rsquo;amende.<\/li>\n<li>Un arr\u00eat\u00e9 peut changer en une journ\u00e9e : seule la <strong>pr\u00e9fecture<\/strong> de votre d\u00e9partement fait foi.<\/li>\n<\/ul>\n<\/div>\n<h2>Sources<\/h2>\n<ul style=\"font-size:14px;color:#475569\">\n<li>M\u00e9t\u00e9o-France, <a href=\"https:\/\/vigilance.meteofrance.fr\/fr\/vigilance-accessible\" rel=\"nofollow\">bulletin de vigilance du 28 juillet 2026 \u00e0 06h00<\/a> et <a href=\"https:\/\/meteofrance.com\/meteo-des-forets\" rel=\"nofollow\">M\u00e9t\u00e9o des for\u00eats<\/a>.<\/li>\n<li>CNEWS, <a href=\"https:\/\/www.cnews.fr\/france\/2026-07-28\/incendies-les-departements-dile-de-france-places-en-risque-eleve-de-feu-de-foret\" rel=\"nofollow\">\u00ab Incendies : les d\u00e9partements d&rsquo;\u00cele-de-France plac\u00e9s en risque \u00e9lev\u00e9 de feu de for\u00eat ce mercredi \u00bb<\/a>, 28 juillet 2026.<\/li>\n<li>Pr\u00e9fecture de la Loire, <a href=\"https:\/\/www.loire.gouv.fr\/Actualites\/Espace-presse\/Communiques-2026\/ALERTE-SECHERESSE-ET-RISQUE-DE-FEUX-DE-FORET-LEPREFET-DE-LA-LOIRE-PREND-DES-MESURES-DE-RESTRICTION\" rel=\"nofollow\">communiqu\u00e9 du 22 juillet 2026<\/a>.<\/li>\n<li>Pr\u00e9fecture de la Gironde, <a href=\"https:\/\/www.gironde.gouv.fr\/Actualites\/Communiques-de-presse\/Communiques-de-presse-2026\/Juillet-2026\/Risque-feux-de-foret-restriction-de-l-emploi-de-moteurs-thermiques-et-electriques\" rel=\"nofollow\">communiqu\u00e9 du 23 juillet 2026<\/a>.<\/li>\n<li>L\u00e9gifrance, <a href=\"https:\/\/www.legifrance.gouv.fr\/codes\/article_lc\/LEGIARTI000006417259\/\" rel=\"nofollow\">article 131-13 du code p\u00e9nal<\/a> et <a href=\"https:\/\/www.legifrance.gouv.fr\/codes\/article_lc\/LEGIARTI000024042663\" rel=\"nofollow\">article 322-5 du code p\u00e9nal<\/a>.<\/li>\n<\/ul>\n<p><script type=\"application\/ld+json\">{\"@context\": \"https:\/\/schema.org\", \"@type\": \"FAQPage\", \"mainEntity\": [{\"@type\": \"Question\", \"name\": \"Peut-on faire un barbecue au gaz quand le charbon de bois est interdit ?\", \"acceptedAnswer\": {\"@type\": \"Answer\", \"text\": \"Dans de nombreux arr\u00eat\u00e9s, l'interdiction vise explicitement le combustible solide, charbon de bois et bois. Le barbecue au gaz reste alors g\u00e9n\u00e9ralement tol\u00e9r\u00e9, \u00e0 condition d'\u00eatre \u00e9loign\u00e9 de la v\u00e9g\u00e9tation et surveill\u00e9. Mais certains textes sont plus larges : l'arr\u00eat\u00e9 de la Gironde du 23 juillet 2026 interdit \u00ab toute source d'ignition \u00bb dans les espaces expos\u00e9s, et une vigilance rouge comme celle des Pyr\u00e9n\u00e9es-Orientales couvre tout feu ext\u00e9rieur. La r\u00e9ponse d\u00e9pend donc de l'arr\u00eat\u00e9 pr\u00e9cis de votre d\u00e9partement.\"}}, {\"@type\": \"Question\", \"name\": \"Quelle amende risque-t-on vraiment pour un barbecue interdit ?\", \"acceptedAnswer\": {\"@type\": \"Answer\", \"text\": \"Il s'agit d'une contravention de 4e classe. L'amende forfaitaire est de 135 \u20ac, r\u00e9duite \u00e0 90 \u20ac en cas de paiement rapide et port\u00e9e \u00e0 375 \u20ac si elle est major\u00e9e. Les 750 \u20ac fr\u00e9quemment cit\u00e9s correspondent au maximum l\u00e9gal pronon\u00e7able par un tribunal de police, pas au montant d'un contr\u00f4le ordinaire. En revanche, si le barbecue provoque un incendie, on quitte la contravention pour le d\u00e9lit, avec des peines qui d\u00e9marrent \u00e0 un an de prison et 15 000 \u20ac d'amende.\"}}, {\"@type\": \"Question\", \"name\": \"Comment savoir si mon d\u00e9partement interdit le barbecue aujourd'hui ?\", \"acceptedAnswer\": {\"@type\": \"Answer\", \"text\": \"La r\u00e9ponse se trouve uniquement dans les communications officielles de la pr\u00e9fecture : site internet, communiqu\u00e9s de presse, arr\u00eat\u00e9s \u00ab emploi du feu \u00bb. Les listes qui circulent dans les m\u00e9dias et sur les r\u00e9seaux sociaux vieillissent en quelques heures. Pensez aussi \u00e0 la r\u00e8gle permanente des 200 m\u00e8tres du code forestier, qui s'applique m\u00eame sans arr\u00eat\u00e9 particulier, et \u00e0 la M\u00e9t\u00e9o des for\u00eats de M\u00e9t\u00e9o-France pour conna\u00eetre le niveau de danger du jour.\"}}]}<\/script><\/p>\n","protected":false},"excerpt":{"rendered":"<p>\u26a1 En bref Mercredi 29 juillet 2026, 42 d\u00e9partements \u2014 dont les 8 d&rsquo;\u00cele-de-France \u2014 sont class\u00e9s en danger \u00ab \u00e9lev\u00e9 \u00bb de feu de for\u00eat par M\u00e9t\u00e9o-France. Le code forestier interdit toute l&rsquo;ann\u00e9e, \u00e0 qui n&rsquo;est pas propri\u00e9taire du terrain bois\u00e9 ou son ayant droit, d&rsquo;allumer un feu \u00e0 moins de 200 m\u00e8tres des [&hellip;]<\/p>\n","protected":false},"author":1,"featured_media":470,"comment_status":"open","ping_status":"open","sticky":false,"template":"","format":"standard","meta":{"footnotes":""},"categories":[12],"tags":[],"class_list":["post-469","post","type-post","status-publish","format-standard","has-post-thumbnail","hentry","category-actualites"],"yoast_head":"<!-- This site is optimized with the Yoast SEO plugin v27.8 - https:\/\/yoast.com\/product\/yoast-seo-wordpress\/ -->\n<title>Barbecue interdit ? O\u00f9, pourquoi, et ce que vous risquez<\/title>\n<meta name=\"description\" content=\"Barbecue interdit ou pas cette semaine ? Tout d\u00e9pend de votre d\u00e9partement, de la distance aux bois et du combustible. L&#039;amende r\u00e9elle est de 135 \u20ac, pas 750 \u20ac.\" \/>\n<meta name=\"robots\" content=\"index, follow, max-snippet:-1, max-image-preview:large, max-video-preview:-1\" \/>\n<link rel=\"canonical\" href=\"https:\/\/unepouledansmacuisine.fr\/blog\/barbecue-interdit-ou-pourquoi-et-ce-que-vous-risquez\/\" \/>\n<meta property=\"og:locale\" content=\"fr_FR\" \/>\n<meta property=\"og:type\" content=\"article\" \/>\n<meta property=\"og:title\" content=\"Barbecue interdit ? O\u00f9, pourquoi, et ce que vous risquez\" \/>\n<meta property=\"og:description\" content=\"Barbecue interdit ou pas cette semaine ? Tout d\u00e9pend de votre d\u00e9partement, de la distance aux bois et du combustible. L&#039;amende r\u00e9elle est de 135 \u20ac, pas 750 \u20ac.\" \/>\n<meta property=\"og:url\" content=\"https:\/\/unepouledansmacuisine.fr\/blog\/barbecue-interdit-ou-pourquoi-et-ce-que-vous-risquez\/\" \/>\n<meta property=\"og:site_name\" content=\"Une Poule dans ma Cuisine\" \/>\n<meta property=\"article:published_time\" content=\"2026-07-28T12:00:57+00:00\" \/>\n<meta property=\"article:modified_time\" content=\"2026-08-11T15:38:04+00:00\" \/>\n<meta property=\"og:image\" content=\"https:\/\/unepouledansmacuisine.fr\/blog\/wp-content\/uploads\/2026\/07\/pexels_unepouledansmacuisine_fr_469_9983077.jpg\" \/>\n\t<meta property=\"og:image:width\" content=\"1880\" \/>\n\t<meta property=\"og:image:height\" content=\"1262\" \/>\n\t<meta property=\"og:image:type\" content=\"image\/jpeg\" \/>\n<meta name=\"author\" content=\"Laura Gauthereau\" \/>\n<meta name=\"twitter:card\" content=\"summary_large_image\" \/>\n<meta name=\"twitter:label1\" content=\"\u00c9crit par\" \/>\n\t<meta name=\"twitter:data1\" content=\"Laura Gauthereau\" \/>\n\t<meta name=\"twitter:label2\" content=\"Dur\u00e9e de lecture estim\u00e9e\" \/>\n\t<meta name=\"twitter:data2\" content=\"13 minutes\" \/>\n<script type=\"application\/ld+json\" class=\"yoast-schema-graph\">{\"@context\":\"https:\\\/\\\/schema.org\",\"@graph\":[{\"@type\":\"Article\",\"@id\":\"https:\\\/\\\/unepouledansmacuisine.fr\\\/blog\\\/barbecue-interdit-ou-pourquoi-et-ce-que-vous-risquez\\\/#article\",\"isPartOf\":{\"@id\":\"https:\\\/\\\/unepouledansmacuisine.fr\\\/blog\\\/barbecue-interdit-ou-pourquoi-et-ce-que-vous-risquez\\\/\"},\"author\":{\"name\":\"Laura Gauthereau\",\"@id\":\"https:\\\/\\\/unepouledansmacuisine.fr\\\/blog\\\/#\\\/schema\\\/person\\\/bdd2eae9a29e45bbb822e15b7bc09749\"},\"headline\":\"Barbecue interdit ? O\u00f9, pourquoi, et ce que vous risquez\",\"datePublished\":\"2026-07-28T12:00:57+00:00\",\"dateModified\":\"2026-08-11T15:38:04+00:00\",\"mainEntityOfPage\":{\"@id\":\"https:\\\/\\\/unepouledansmacuisine.fr\\\/blog\\\/barbecue-interdit-ou-pourquoi-et-ce-que-vous-risquez\\\/\"},\"wordCount\":2690,\"commentCount\":0,\"image\":{\"@id\":\"https:\\\/\\\/unepouledansmacuisine.fr\\\/blog\\\/barbecue-interdit-ou-pourquoi-et-ce-que-vous-risquez\\\/#primaryimage\"},\"thumbnailUrl\":\"https:\\\/\\\/unepouledansmacuisine.fr\\\/blog\\\/wp-content\\\/uploads\\\/2026\\\/07\\\/pexels_unepouledansmacuisine_fr_469_9983077.jpg\",\"articleSection\":[\"Actualit\u00e9s\"],\"inLanguage\":\"fr-FR\",\"potentialAction\":[{\"@type\":\"CommentAction\",\"name\":\"Comment\",\"target\":[\"https:\\\/\\\/unepouledansmacuisine.fr\\\/blog\\\/barbecue-interdit-ou-pourquoi-et-ce-que-vous-risquez\\\/#respond\"]}]},{\"@type\":\"WebPage\",\"@id\":\"https:\\\/\\\/unepouledansmacuisine.fr\\\/blog\\\/barbecue-interdit-ou-pourquoi-et-ce-que-vous-risquez\\\/\",\"url\":\"https:\\\/\\\/unepouledansmacuisine.fr\\\/blog\\\/barbecue-interdit-ou-pourquoi-et-ce-que-vous-risquez\\\/\",\"name\":\"Barbecue interdit ? O\u00f9, pourquoi, et ce que vous risquez\",\"isPartOf\":{\"@id\":\"https:\\\/\\\/unepouledansmacuisine.fr\\\/blog\\\/#website\"},\"primaryImageOfPage\":{\"@id\":\"https:\\\/\\\/unepouledansmacuisine.fr\\\/blog\\\/barbecue-interdit-ou-pourquoi-et-ce-que-vous-risquez\\\/#primaryimage\"},\"image\":{\"@id\":\"https:\\\/\\\/unepouledansmacuisine.fr\\\/blog\\\/barbecue-interdit-ou-pourquoi-et-ce-que-vous-risquez\\\/#primaryimage\"},\"thumbnailUrl\":\"https:\\\/\\\/unepouledansmacuisine.fr\\\/blog\\\/wp-content\\\/uploads\\\/2026\\\/07\\\/pexels_unepouledansmacuisine_fr_469_9983077.jpg\",\"datePublished\":\"2026-07-28T12:00:57+00:00\",\"dateModified\":\"2026-08-11T15:38:04+00:00\",\"author\":{\"@id\":\"https:\\\/\\\/unepouledansmacuisine.fr\\\/blog\\\/#\\\/schema\\\/person\\\/bdd2eae9a29e45bbb822e15b7bc09749\"},\"description\":\"Barbecue interdit ou pas cette semaine ? Tout d\u00e9pend de votre d\u00e9partement, de la distance aux bois et du combustible. L'amende r\u00e9elle est de 135 \u20ac, pas 750 \u20ac.\",\"breadcrumb\":{\"@id\":\"https:\\\/\\\/unepouledansmacuisine.fr\\\/blog\\\/barbecue-interdit-ou-pourquoi-et-ce-que-vous-risquez\\\/#breadcrumb\"},\"inLanguage\":\"fr-FR\",\"potentialAction\":[{\"@type\":\"ReadAction\",\"target\":[\"https:\\\/\\\/unepouledansmacuisine.fr\\\/blog\\\/barbecue-interdit-ou-pourquoi-et-ce-que-vous-risquez\\\/\"]}]},{\"@type\":\"ImageObject\",\"inLanguage\":\"fr-FR\",\"@id\":\"https:\\\/\\\/unepouledansmacuisine.fr\\\/blog\\\/barbecue-interdit-ou-pourquoi-et-ce-que-vous-risquez\\\/#primaryimage\",\"url\":\"https:\\\/\\\/unepouledansmacuisine.fr\\\/blog\\\/wp-content\\\/uploads\\\/2026\\\/07\\\/pexels_unepouledansmacuisine_fr_469_9983077.jpg\",\"contentUrl\":\"https:\\\/\\\/unepouledansmacuisine.fr\\\/blog\\\/wp-content\\\/uploads\\\/2026\\\/07\\\/pexels_unepouledansmacuisine_fr_469_9983077.jpg\",\"width\":1880,\"height\":1262,\"caption\":\"Grilling meat on a smoky barbecue grill outdoors on a sunny day.\"},{\"@type\":\"BreadcrumbList\",\"@id\":\"https:\\\/\\\/unepouledansmacuisine.fr\\\/blog\\\/barbecue-interdit-ou-pourquoi-et-ce-que-vous-risquez\\\/#breadcrumb\",\"itemListElement\":[{\"@type\":\"ListItem\",\"position\":1,\"name\":\"Home\",\"item\":\"https:\\\/\\\/unepouledansmacuisine.fr\\\/blog\\\/\"},{\"@type\":\"ListItem\",\"position\":2,\"name\":\"Barbecue interdit ? O\u00f9, pourquoi, et ce que vous risquez\"}]},{\"@type\":\"WebSite\",\"@id\":\"https:\\\/\\\/unepouledansmacuisine.fr\\\/blog\\\/#website\",\"url\":\"https:\\\/\\\/unepouledansmacuisine.fr\\\/blog\\\/\",\"name\":\"Une Poule dans ma Cuisine\",\"description\":\"Recettes de tous les jours, test\u00e9es et expliqu\u00e9es\",\"potentialAction\":[{\"@type\":\"SearchAction\",\"target\":{\"@type\":\"EntryPoint\",\"urlTemplate\":\"https:\\\/\\\/unepouledansmacuisine.fr\\\/blog\\\/?s={search_term_string}\"},\"query-input\":{\"@type\":\"PropertyValueSpecification\",\"valueRequired\":true,\"valueName\":\"search_term_string\"}}],\"inLanguage\":\"fr-FR\"},{\"@type\":\"Person\",\"@id\":\"https:\\\/\\\/unepouledansmacuisine.fr\\\/blog\\\/#\\\/schema\\\/person\\\/bdd2eae9a29e45bbb822e15b7bc09749\",\"name\":\"Laura Gauthereau\",\"image\":{\"@type\":\"ImageObject\",\"inLanguage\":\"fr-FR\",\"@id\":\"https:\\\/\\\/unepouledansmacuisine.fr\\\/blog\\\/wp-content\\\/uploads\\\/2026\\\/06\\\/persona_laura-g-150x150.jpg\",\"url\":\"https:\\\/\\\/unepouledansmacuisine.fr\\\/blog\\\/wp-content\\\/uploads\\\/2026\\\/06\\\/persona_laura-g-150x150.jpg\",\"contentUrl\":\"https:\\\/\\\/unepouledansmacuisine.fr\\\/blog\\\/wp-content\\\/uploads\\\/2026\\\/06\\\/persona_laura-g-150x150.jpg\",\"caption\":\"Laura Gauthereau\"},\"description\":\"La cuisine est ma passion devenue m\u00e9tier : je r\u00e9dige sur la gastronomie, les recettes et l'art de bien manger depuis une dizaine d'ann\u00e9es. J'explore aussi bien la cuisine du quotidien que des univers plus pointus \u2014 le barbecue ma\u00eetris\u00e9, les saveurs de rue revisit\u00e9es, la p\u00e2tisserie ou la d\u00e9couverte des bonnes tables. J'aime expliquer le pourquoi d'une technique autant que le comment : pourquoi saisir, pourquoi laisser reposer, pourquoi cette association de go\u00fbts fonctionne. Avant de publier une recette, je la teste, j'ajuste les quantit\u00e9s et les temps de cuisson, et je propose des alternatives selon les r\u00e9gimes et les budgets. Je me m\u00e9fie des tendances qui ne tiennent pas en bouche. Mon angle : donner envie de cuisiner en rendant les choses accessibles, du d\u00e9butant intimid\u00e9 au gourmand qui veut progresser. Le plaisir reste mon premier crit\u00e8re, devant la performance.\",\"sameAs\":[\"https:\\\/\\\/lauragauthereau.fr\\\/\"],\"url\":\"https:\\\/\\\/unepouledansmacuisine.fr\\\/blog\\\/author\\\/laura-g\\\/\"}]}<\/script>\n<!-- \/ Yoast SEO plugin. -->","yoast_head_json":{"title":"Barbecue interdit ? O\u00f9, pourquoi, et ce que vous risquez","description":"Barbecue interdit ou pas cette semaine ? Tout d\u00e9pend de votre d\u00e9partement, de la distance aux bois et du combustible. L'amende r\u00e9elle est de 135 \u20ac, pas 750 \u20ac.","robots":{"index":"index","follow":"follow","max-snippet":"max-snippet:-1","max-image-preview":"max-image-preview:large","max-video-preview":"max-video-preview:-1"},"canonical":"https:\/\/unepouledansmacuisine.fr\/blog\/barbecue-interdit-ou-pourquoi-et-ce-que-vous-risquez\/","og_locale":"fr_FR","og_type":"article","og_title":"Barbecue interdit ? O\u00f9, pourquoi, et ce que vous risquez","og_description":"Barbecue interdit ou pas cette semaine ? Tout d\u00e9pend de votre d\u00e9partement, de la distance aux bois et du combustible. L'amende r\u00e9elle est de 135 \u20ac, pas 750 \u20ac.","og_url":"https:\/\/unepouledansmacuisine.fr\/blog\/barbecue-interdit-ou-pourquoi-et-ce-que-vous-risquez\/","og_site_name":"Une Poule dans ma Cuisine","article_published_time":"2026-07-28T12:00:57+00:00","article_modified_time":"2026-08-11T15:38:04+00:00","og_image":[{"width":1880,"height":1262,"url":"https:\/\/unepouledansmacuisine.fr\/blog\/wp-content\/uploads\/2026\/07\/pexels_unepouledansmacuisine_fr_469_9983077.jpg","type":"image\/jpeg"}],"author":"Laura Gauthereau","twitter_card":"summary_large_image","twitter_misc":{"\u00c9crit par":"Laura Gauthereau","Dur\u00e9e de lecture estim\u00e9e":"13 minutes"},"schema":{"@context":"https:\/\/schema.org","@graph":[{"@type":"Article","@id":"https:\/\/unepouledansmacuisine.fr\/blog\/barbecue-interdit-ou-pourquoi-et-ce-que-vous-risquez\/#article","isPartOf":{"@id":"https:\/\/unepouledansmacuisine.fr\/blog\/barbecue-interdit-ou-pourquoi-et-ce-que-vous-risquez\/"},"author":{"name":"Laura Gauthereau","@id":"https:\/\/unepouledansmacuisine.fr\/blog\/#\/schema\/person\/bdd2eae9a29e45bbb822e15b7bc09749"},"headline":"Barbecue interdit ? O\u00f9, pourquoi, et ce que vous risquez","datePublished":"2026-07-28T12:00:57+00:00","dateModified":"2026-08-11T15:38:04+00:00","mainEntityOfPage":{"@id":"https:\/\/unepouledansmacuisine.fr\/blog\/barbecue-interdit-ou-pourquoi-et-ce-que-vous-risquez\/"},"wordCount":2690,"commentCount":0,"image":{"@id":"https:\/\/unepouledansmacuisine.fr\/blog\/barbecue-interdit-ou-pourquoi-et-ce-que-vous-risquez\/#primaryimage"},"thumbnailUrl":"https:\/\/unepouledansmacuisine.fr\/blog\/wp-content\/uploads\/2026\/07\/pexels_unepouledansmacuisine_fr_469_9983077.jpg","articleSection":["Actualit\u00e9s"],"inLanguage":"fr-FR","potentialAction":[{"@type":"CommentAction","name":"Comment","target":["https:\/\/unepouledansmacuisine.fr\/blog\/barbecue-interdit-ou-pourquoi-et-ce-que-vous-risquez\/#respond"]}]},{"@type":"WebPage","@id":"https:\/\/unepouledansmacuisine.fr\/blog\/barbecue-interdit-ou-pourquoi-et-ce-que-vous-risquez\/","url":"https:\/\/unepouledansmacuisine.fr\/blog\/barbecue-interdit-ou-pourquoi-et-ce-que-vous-risquez\/","name":"Barbecue interdit ? O\u00f9, pourquoi, et ce que vous risquez","isPartOf":{"@id":"https:\/\/unepouledansmacuisine.fr\/blog\/#website"},"primaryImageOfPage":{"@id":"https:\/\/unepouledansmacuisine.fr\/blog\/barbecue-interdit-ou-pourquoi-et-ce-que-vous-risquez\/#primaryimage"},"image":{"@id":"https:\/\/unepouledansmacuisine.fr\/blog\/barbecue-interdit-ou-pourquoi-et-ce-que-vous-risquez\/#primaryimage"},"thumbnailUrl":"https:\/\/unepouledansmacuisine.fr\/blog\/wp-content\/uploads\/2026\/07\/pexels_unepouledansmacuisine_fr_469_9983077.jpg","datePublished":"2026-07-28T12:00:57+00:00","dateModified":"2026-08-11T15:38:04+00:00","author":{"@id":"https:\/\/unepouledansmacuisine.fr\/blog\/#\/schema\/person\/bdd2eae9a29e45bbb822e15b7bc09749"},"description":"Barbecue interdit ou pas cette semaine ? Tout d\u00e9pend de votre d\u00e9partement, de la distance aux bois et du combustible. L'amende r\u00e9elle est de 135 \u20ac, pas 750 \u20ac.","breadcrumb":{"@id":"https:\/\/unepouledansmacuisine.fr\/blog\/barbecue-interdit-ou-pourquoi-et-ce-que-vous-risquez\/#breadcrumb"},"inLanguage":"fr-FR","potentialAction":[{"@type":"ReadAction","target":["https:\/\/unepouledansmacuisine.fr\/blog\/barbecue-interdit-ou-pourquoi-et-ce-que-vous-risquez\/"]}]},{"@type":"ImageObject","inLanguage":"fr-FR","@id":"https:\/\/unepouledansmacuisine.fr\/blog\/barbecue-interdit-ou-pourquoi-et-ce-que-vous-risquez\/#primaryimage","url":"https:\/\/unepouledansmacuisine.fr\/blog\/wp-content\/uploads\/2026\/07\/pexels_unepouledansmacuisine_fr_469_9983077.jpg","contentUrl":"https:\/\/unepouledansmacuisine.fr\/blog\/wp-content\/uploads\/2026\/07\/pexels_unepouledansmacuisine_fr_469_9983077.jpg","width":1880,"height":1262,"caption":"Grilling meat on a smoky barbecue grill outdoors on a sunny day."},{"@type":"BreadcrumbList","@id":"https:\/\/unepouledansmacuisine.fr\/blog\/barbecue-interdit-ou-pourquoi-et-ce-que-vous-risquez\/#breadcrumb","itemListElement":[{"@type":"ListItem","position":1,"name":"Home","item":"https:\/\/unepouledansmacuisine.fr\/blog\/"},{"@type":"ListItem","position":2,"name":"Barbecue interdit ? O\u00f9, pourquoi, et ce que vous risquez"}]},{"@type":"WebSite","@id":"https:\/\/unepouledansmacuisine.fr\/blog\/#website","url":"https:\/\/unepouledansmacuisine.fr\/blog\/","name":"Une Poule dans ma Cuisine","description":"Recettes de tous les jours, test\u00e9es et expliqu\u00e9es","potentialAction":[{"@type":"SearchAction","target":{"@type":"EntryPoint","urlTemplate":"https:\/\/unepouledansmacuisine.fr\/blog\/?s={search_term_string}"},"query-input":{"@type":"PropertyValueSpecification","valueRequired":true,"valueName":"search_term_string"}}],"inLanguage":"fr-FR"},{"@type":"Person","@id":"https:\/\/unepouledansmacuisine.fr\/blog\/#\/schema\/person\/bdd2eae9a29e45bbb822e15b7bc09749","name":"Laura Gauthereau","image":{"@type":"ImageObject","inLanguage":"fr-FR","@id":"https:\/\/unepouledansmacuisine.fr\/blog\/wp-content\/uploads\/2026\/06\/persona_laura-g-150x150.jpg","url":"https:\/\/unepouledansmacuisine.fr\/blog\/wp-content\/uploads\/2026\/06\/persona_laura-g-150x150.jpg","contentUrl":"https:\/\/unepouledansmacuisine.fr\/blog\/wp-content\/uploads\/2026\/06\/persona_laura-g-150x150.jpg","caption":"Laura Gauthereau"},"description":"La cuisine est ma passion devenue m\u00e9tier : je r\u00e9dige sur la gastronomie, les recettes et l'art de bien manger depuis une dizaine d'ann\u00e9es. J'explore aussi bien la cuisine du quotidien que des univers plus pointus \u2014 le barbecue ma\u00eetris\u00e9, les saveurs de rue revisit\u00e9es, la p\u00e2tisserie ou la d\u00e9couverte des bonnes tables. J'aime expliquer le pourquoi d'une technique autant que le comment : pourquoi saisir, pourquoi laisser reposer, pourquoi cette association de go\u00fbts fonctionne. Avant de publier une recette, je la teste, j'ajuste les quantit\u00e9s et les temps de cuisson, et je propose des alternatives selon les r\u00e9gimes et les budgets. Je me m\u00e9fie des tendances qui ne tiennent pas en bouche. Mon angle : donner envie de cuisiner en rendant les choses accessibles, du d\u00e9butant intimid\u00e9 au gourmand qui veut progresser. Le plaisir reste mon premier crit\u00e8re, devant la performance.","sameAs":["https:\/\/lauragauthereau.fr\/"],"url":"https:\/\/unepouledansmacuisine.fr\/blog\/author\/laura-g\/"}]}},"_links":{"self":[{"href":"https:\/\/unepouledansmacuisine.fr\/blog\/wp-json\/wp\/v2\/posts\/469","targetHints":{"allow":["GET"]}}],"collection":[{"href":"https:\/\/unepouledansmacuisine.fr\/blog\/wp-json\/wp\/v2\/posts"}],"about":[{"href":"https:\/\/unepouledansmacuisine.fr\/blog\/wp-json\/wp\/v2\/types\/post"}],"author":[{"embeddable":true,"href":"https:\/\/unepouledansmacuisine.fr\/blog\/wp-json\/wp\/v2\/users\/1"}],"replies":[{"embeddable":true,"href":"https:\/\/unepouledansmacuisine.fr\/blog\/wp-json\/wp\/v2\/comments?post=469"}],"version-history":[{"count":1,"href":"https:\/\/unepouledansmacuisine.fr\/blog\/wp-json\/wp\/v2\/posts\/469\/revisions"}],"predecessor-version":[{"id":600,"href":"https:\/\/unepouledansmacuisine.fr\/blog\/wp-json\/wp\/v2\/posts\/469\/revisions\/600"}],"wp:featuredmedia":[{"embeddable":true,"href":"https:\/\/unepouledansmacuisine.fr\/blog\/wp-json\/wp\/v2\/media\/470"}],"wp:attachment":[{"href":"https:\/\/unepouledansmacuisine.fr\/blog\/wp-json\/wp\/v2\/media?parent=469"}],"wp:term":[{"taxonomy":"category","embeddable":true,"href":"https:\/\/unepouledansmacuisine.fr\/blog\/wp-json\/wp\/v2\/categories?post=469"},{"taxonomy":"post_tag","embeddable":true,"href":"https:\/\/unepouledansmacuisine.fr\/blog\/wp-json\/wp\/v2\/tags?post=469"}],"curies":[{"name":"wp","href":"https:\/\/api.w.org\/{rel}","templated":true}]}}