{"id":91,"date":"2026-07-02T09:00:00","date_gmt":"2026-07-02T09:00:00","guid":{"rendered":"https:\/\/unepouledansmacuisine.fr\/blog\/?p=91"},"modified":"2026-07-02T09:00:00","modified_gmt":"2026-07-02T09:00:00","slug":"salade-piemontaise","status":"publish","type":"post","link":"https:\/\/unepouledansmacuisine.fr\/blog\/salade-piemontaise\/","title":{"rendered":"Salade Pi\u00e9montaise : Recette Traditionnelle"},"content":{"rendered":"<p>La <strong>salade pi\u00e9montaise<\/strong> est un plat embl\u00e9matique de la cuisine fran\u00e7aise, particuli\u00e8rement appr\u00e9ci\u00e9 lors des repas estivaux et des pique-niques. Compos\u00e9e principalement de pommes de terre, d\u2019\u0153ufs durs et de tomates, elle se distingue par sa simplicit\u00e9 et son go\u00fbt savoureux. En 2026, les ingr\u00e9dients frais et de qualit\u00e9 sont essentiels pour r\u00e9aliser cette salade traditionnelle, dont le co\u00fbt estim\u00e9 pour une portion est d\u2019environ 3 \u00e0 4 euros.<\/p>\n<p>Cette recette met en avant des ingr\u00e9dients typiques du Pi\u00e9mont, r\u00e9gion italienne voisine, tout en \u00e9tant largement adopt\u00e9e en France. D\u00e9couvrez ici comment pr\u00e9parer ce plat ainsi que quelques conseils pratiques pour en profiter pleinement.<\/p>\n<h2>Ingr\u00e9dients de la Salade Pi\u00e9montaise<\/h2>\n<p>Pour r\u00e9aliser une salade pi\u00e9montaise pour quatre personnes, voici les ingr\u00e9dients n\u00e9cessaires :<\/p>\n<table class=\"kwdbank-table\">\n<thead>\n<tr>\n<th>Ingr\u00e9dients<\/th>\n<th>Quantit\u00e9<\/th>\n<\/tr>\n<\/thead>\n<tbody>\n<tr>\n<td>Pommes de terre<\/td>\n<td>600 g<\/td>\n<\/tr>\n<tr>\n<td>\u0152ufs<\/td>\n<td>4<\/td>\n<\/tr>\n<tr>\n<td>Tomates<\/td>\n<td>300 g<\/td>\n<\/tr>\n<tr>\n<td>Mayonnaise<\/td>\n<td>150 g<\/td>\n<\/tr>\n<tr>\n<td>Olives noires<\/td>\n<td>100 g<\/td>\n<\/tr>\n<tr>\n<td>Ciboulette<\/td>\n<td>Quelques brins<\/td>\n<\/tr>\n<tr>\n<td>Sel et poivre<\/td>\n<td>Au go\u00fbt<\/td>\n<\/tr>\n<\/tbody>\n<\/table>\n<h3>Co\u00fbt estim\u00e9 des ingr\u00e9dients en 2026<\/h3>\n<p>Le co\u00fbt total pour pr\u00e9parer cette salade pi\u00e9montaise est d\u2019environ <strong>12 \u00e0 15 euros<\/strong>, soit environ <strong>3 \u00e0 4 euros par portion<\/strong>. Voici un exemple de r\u00e9partition des prix :<\/p>\n<ul>\n<li>Pommes de terre : 1,50 \u20ac<\/li>\n<li>\u0152ufs : 2 \u20ac<\/li>\n<li>Tomates : 2 \u20ac<\/li>\n<li>Mayonnaise : 1,50 \u20ac<\/li>\n<li>Olives noires : 2 \u20ac<\/li>\n<li>Ciboulette : 1 \u20ac<\/li>\n<\/ul>\n<p>Ces prix peuvent varier selon la saison et la qualit\u00e9 des ingr\u00e9dients choisis.<\/p>\n<h2>\u00c9tapes de Pr\u00e9paration<\/h2>\n<ol>\n<li>\n<strong>Cuisson des Pommes de Terre<\/strong><br \/>\n   Faites cuire les pommes de terre avec leur peau dans une grande casserole d\u2019eau sal\u00e9e pendant environ 20 minutes. V\u00e9rifiez la cuisson avec un couteau ; elles doivent \u00eatre tendres mais pas trop molles.\n<\/li>\n<li>\n<strong>Pr\u00e9paration des \u0152ufs Durs<\/strong><br \/>\n   Pendant ce temps, faites bouillir les \u0153ufs pendant environ 10 minutes. Plongez-les ensuite dans l\u2019eau froide pour faciliter l\u2019\u00e9pluchage.\n<\/li>\n<li>\n<strong>Couper les Ingr\u00e9dients<\/strong><br \/>\n   Une fois les pommes de terre refroidies, pelez-les et coupez-les en cubes. Hachez les tomates et \u00e9calez les \u0153ufs avant de les couper \u00e9galement en morceaux.\n<\/li>\n<li>\n<strong>M\u00e9langer<\/strong><br \/>\n   Dans un grand saladier, m\u00e9langez tous les ingr\u00e9dients : pommes de terre, tomates, \u0153ufs et olives noires. Ajoutez la mayonnaise et m\u00e9langez d\u00e9licatement pour ne pas \u00e9craser les pommes de terre.\n<\/li>\n<li>\n<strong>Assaisonnement<\/strong><br \/>\n   Ajoutez du sel, du poivre et la ciboulette cisel\u00e9e au m\u00e9lange. Rectifiez l\u2019assaisonnement selon vos pr\u00e9f\u00e9rences.\n<\/li>\n<li>\n<strong>Repos au R\u00e9frig\u00e9rateur<\/strong><br \/>\n   Laissez reposer la salade au r\u00e9frig\u00e9rateur pendant au moins une heure avant de servir pour permettre aux saveurs de se m\u00e9langer.\n<\/li>\n<\/ol>\n<h2>Pi\u00e8ges \u00e0 \u00c9viter<\/h2>\n<p>Lors de la pr\u00e9paration de votre salade pi\u00e9montaise, attention \u00e0 ne pas trop cuire les pommes de terre ni les \u0153ufs. Des l\u00e9gumes trop cuits donneront une texture p\u00e2teuse \u00e0 votre plat, tandis que des \u0153ufs trop cuits auront un jaune verd\u00e2tre peu app\u00e9tissant. Privil\u00e9giez donc une cuisson minutieuse !<\/p>\n<h2>Variantes R\u00e9gionales<\/h2>\n<p>La salade pi\u00e9montaise peut \u00eatre agr\u00e9ment\u00e9e d\u2019autres ingr\u00e9dients selon vos envies :<\/p>\n<ul>\n<li><strong>Ajout d\u2019Herbes Aromatiques<\/strong> : basilic ou persil peuvent apporter une touche suppl\u00e9mentaire.<\/li>\n<li><strong>Incorporation d\u2019Autres L\u00e9gumes<\/strong> : carottes r\u00e2p\u00e9es ou petits pois ajoutent du croquant.<\/li>\n<li><strong>Version V\u00e9g\u00e9tarienne<\/strong> : remplacez la mayonnaise par un yaourt grec pour une option plus l\u00e9g\u00e8re.<\/li>\n<\/ul>\n<h2>Servir la Salade Pi\u00e9montaise<\/h2>\n<p>Id\u00e9ale en entr\u00e9e ou comme plat principal l\u00e9ger, servez-la bien fra\u00eeche accompagn\u00e9e d\u2019un vin blanc l\u00e9ger ou d\u2019une boisson gazeuse. Pour un repas complet, accompagnez-la d\u2019une charcuterie ou d\u2019un pain croustillant.<\/p>\n<h2>FAQ<\/h2>\n<h3>Quelle est l\u2019origine de la salade pi\u00e9montaise ?<\/h3>\n<p>La salade pi\u00e9montaise trouve ses racines dans le Pi\u00e9mont italien mais a \u00e9t\u00e9 adopt\u00e9e par la cuisine fran\u00e7aise au fil du temps.<\/p>\n<h3>Peut-on pr\u00e9parer la salade pi\u00e9montaise \u00e0 l\u2019avance ?<\/h3>\n<p>Oui, cette salade se conserve bien au r\u00e9frig\u00e9rateur et peut \u00eatre pr\u00e9par\u00e9e quelques heures avant le service.<\/p>\n<h3>Quels autres ingr\u00e9dients peut-on ajouter ?<\/h3>\n<p>En plus des classiques tomates et olives noires, vous pouvez incorporer des cornichons ou du thon pour varier les plaisirs.<\/p>\n<h3>Est-il possible de remplacer la mayonnaise ?<\/h3>\n<p>Oui, vous pouvez utiliser du yaourt nature ou une vinaigrette l\u00e9g\u00e8re comme alternative \u00e0 la mayonnaise classique.<\/p>\n<h3>Combien de temps peut-on conserver une salade pi\u00e9montaise ?<\/h3>\n<p>Elle se conserve g\u00e9n\u00e9ralement jusqu\u2019\u00e0 trois jours au r\u00e9frig\u00e9rateur dans un r\u00e9cipient herm\u00e9tique.<\/p>\n<h3>Quelle est l\u2019importance des ingr\u00e9dients frais ?<\/h3>\n<p>Des ingr\u00e9dients frais garantissent non seulement le go\u00fbt mais aussi la qualit\u00e9 nutritionnelle du plat.<\/p>\n","protected":false},"excerpt":{"rendered":"<p>La salade pi\u00e9montaise est un plat embl\u00e9matique de la cuisine fran\u00e7aise, particuli\u00e8rement appr\u00e9ci\u00e9 lors des repas estivaux et des pique-niques. Compos\u00e9e principalement de pommes de terre, d\u2019\u0153ufs durs et de tomates, elle se distingue par sa simplicit\u00e9 et son go\u00fbt savoureux. En 2026, les ingr\u00e9dients frais et de qualit\u00e9 sont essentiels pour r\u00e9aliser cette salade [&hellip;]<\/p>\n","protected":false},"author":1,"featured_media":999999999,"comment_status":"open","ping_status":"open","sticky":false,"template":"","format":"standard","meta":{"footnotes":""},"categories":[10],"tags":[],"class_list":["post-91","post","type-post","status-publish","format-standard","has-post-thumbnail","hentry","category-legumes-accompagnements"],"yoast_head":"<!-- This site is optimized with the Yoast SEO plugin v27.8 - https:\/\/yoast.com\/product\/yoast-seo-wordpress\/ -->\n<title>Salade Pi\u00e9montaise : Recette Traditionnelle - Une Poule dans ma Cuisine<\/title>\n<meta name=\"description\" content=\"La salade pi\u00e9montaise est un plat embl\u00e9matique de la cuisine fran\u00e7aise, particuli\u00e8rement appr\u00e9ci\u00e9 lors des repas estivaux et des pique-niques. Compos\u00e9e\u2026\" \/>\n<meta name=\"robots\" content=\"index, follow, max-snippet:-1, max-image-preview:large, max-video-preview:-1\" \/>\n<link rel=\"canonical\" href=\"https:\/\/unepouledansmacuisine.fr\/blog\/salade-piemontaise\/\" \/>\n<meta property=\"og:locale\" content=\"fr_FR\" \/>\n<meta property=\"og:type\" content=\"article\" \/>\n<meta property=\"og:title\" content=\"Salade Pi\u00e9montaise : Recette Traditionnelle - Une Poule dans ma Cuisine\" \/>\n<meta property=\"og:description\" content=\"La salade pi\u00e9montaise est un plat embl\u00e9matique de la cuisine fran\u00e7aise, particuli\u00e8rement appr\u00e9ci\u00e9 lors des repas estivaux et des pique-niques. Compos\u00e9e\u2026\" \/>\n<meta property=\"og:url\" content=\"https:\/\/unepouledansmacuisine.fr\/blog\/salade-piemontaise\/\" \/>\n<meta property=\"og:site_name\" content=\"Une Poule dans ma Cuisine\" \/>\n<meta property=\"article:published_time\" content=\"2026-07-02T09:00:00+00:00\" \/>\n<meta name=\"author\" content=\"Laura Gauthereau\" \/>\n<meta name=\"twitter:card\" content=\"summary_large_image\" \/>\n<meta name=\"twitter:label1\" content=\"\u00c9crit par\" \/>\n\t<meta name=\"twitter:data1\" content=\"Laura Gauthereau\" \/>\n\t<meta name=\"twitter:label2\" content=\"Dur\u00e9e de lecture estim\u00e9e\" \/>\n\t<meta name=\"twitter:data2\" content=\"4 minutes\" \/>\n<script type=\"application\/ld+json\" class=\"yoast-schema-graph\">{\"@context\":\"https:\\\/\\\/schema.org\",\"@graph\":[{\"@type\":\"Article\",\"@id\":\"https:\\\/\\\/unepouledansmacuisine.fr\\\/blog\\\/salade-piemontaise\\\/#article\",\"isPartOf\":{\"@id\":\"https:\\\/\\\/unepouledansmacuisine.fr\\\/blog\\\/salade-piemontaise\\\/\"},\"author\":{\"name\":\"Laura Gauthereau\",\"@id\":\"https:\\\/\\\/unepouledansmacuisine.fr\\\/blog\\\/#\\\/schema\\\/person\\\/bdd2eae9a29e45bbb822e15b7bc09749\"},\"headline\":\"Salade Pi\u00e9montaise : Recette Traditionnelle\",\"datePublished\":\"2026-07-02T09:00:00+00:00\",\"mainEntityOfPage\":{\"@id\":\"https:\\\/\\\/unepouledansmacuisine.fr\\\/blog\\\/salade-piemontaise\\\/\"},\"wordCount\":751,\"commentCount\":0,\"image\":{\"@id\":\"https:\\\/\\\/unepouledansmacuisine.fr\\\/blog\\\/salade-piemontaise\\\/#primaryimage\"},\"thumbnailUrl\":\"https:\\\/\\\/images.pexels.com\\\/photos\\\/36929190\\\/pexels-photo-36929190.jpeg?auto=compress&cs=tinysrgb&fit=crop&h=627&w=1200\",\"articleSection\":[\"L\u00e9gumes &amp; Accompagnements\"],\"inLanguage\":\"fr-FR\",\"potentialAction\":[{\"@type\":\"CommentAction\",\"name\":\"Comment\",\"target\":[\"https:\\\/\\\/unepouledansmacuisine.fr\\\/blog\\\/salade-piemontaise\\\/#respond\"]}]},{\"@type\":\"WebPage\",\"@id\":\"https:\\\/\\\/unepouledansmacuisine.fr\\\/blog\\\/salade-piemontaise\\\/\",\"url\":\"https:\\\/\\\/unepouledansmacuisine.fr\\\/blog\\\/salade-piemontaise\\\/\",\"name\":\"Salade Pi\u00e9montaise : Recette Traditionnelle - Une Poule dans ma Cuisine\",\"isPartOf\":{\"@id\":\"https:\\\/\\\/unepouledansmacuisine.fr\\\/blog\\\/#website\"},\"primaryImageOfPage\":{\"@id\":\"https:\\\/\\\/unepouledansmacuisine.fr\\\/blog\\\/salade-piemontaise\\\/#primaryimage\"},\"image\":{\"@id\":\"https:\\\/\\\/unepouledansmacuisine.fr\\\/blog\\\/salade-piemontaise\\\/#primaryimage\"},\"thumbnailUrl\":\"https:\\\/\\\/images.pexels.com\\\/photos\\\/36929190\\\/pexels-photo-36929190.jpeg?auto=compress&cs=tinysrgb&fit=crop&h=627&w=1200\",\"datePublished\":\"2026-07-02T09:00:00+00:00\",\"author\":{\"@id\":\"https:\\\/\\\/unepouledansmacuisine.fr\\\/blog\\\/#\\\/schema\\\/person\\\/bdd2eae9a29e45bbb822e15b7bc09749\"},\"description\":\"La salade pi\u00e9montaise est un plat embl\u00e9matique de la cuisine fran\u00e7aise, particuli\u00e8rement appr\u00e9ci\u00e9 lors des repas estivaux et des pique-niques. Compos\u00e9e\u2026\",\"breadcrumb\":{\"@id\":\"https:\\\/\\\/unepouledansmacuisine.fr\\\/blog\\\/salade-piemontaise\\\/#breadcrumb\"},\"inLanguage\":\"fr-FR\",\"potentialAction\":[{\"@type\":\"ReadAction\",\"target\":[\"https:\\\/\\\/unepouledansmacuisine.fr\\\/blog\\\/salade-piemontaise\\\/\"]}]},{\"@type\":\"ImageObject\",\"inLanguage\":\"fr-FR\",\"@id\":\"https:\\\/\\\/unepouledansmacuisine.fr\\\/blog\\\/salade-piemontaise\\\/#primaryimage\",\"url\":\"https:\\\/\\\/images.pexels.com\\\/photos\\\/36929190\\\/pexels-photo-36929190.jpeg?auto=compress&cs=tinysrgb&fit=crop&h=627&w=1200\",\"contentUrl\":\"https:\\\/\\\/images.pexels.com\\\/photos\\\/36929190\\\/pexels-photo-36929190.jpeg?auto=compress&cs=tinysrgb&fit=crop&h=627&w=1200\"},{\"@type\":\"BreadcrumbList\",\"@id\":\"https:\\\/\\\/unepouledansmacuisine.fr\\\/blog\\\/salade-piemontaise\\\/#breadcrumb\",\"itemListElement\":[{\"@type\":\"ListItem\",\"position\":1,\"name\":\"Home\",\"item\":\"https:\\\/\\\/unepouledansmacuisine.fr\\\/blog\\\/\"},{\"@type\":\"ListItem\",\"position\":2,\"name\":\"Salade Pi\u00e9montaise : Recette Traditionnelle\"}]},{\"@type\":\"WebSite\",\"@id\":\"https:\\\/\\\/unepouledansmacuisine.fr\\\/blog\\\/#website\",\"url\":\"https:\\\/\\\/unepouledansmacuisine.fr\\\/blog\\\/\",\"name\":\"Une Poule dans ma Cuisine\",\"description\":\"Recettes de tous les jours, test\u00e9es et expliqu\u00e9es\",\"potentialAction\":[{\"@type\":\"SearchAction\",\"target\":{\"@type\":\"EntryPoint\",\"urlTemplate\":\"https:\\\/\\\/unepouledansmacuisine.fr\\\/blog\\\/?s={search_term_string}\"},\"query-input\":{\"@type\":\"PropertyValueSpecification\",\"valueRequired\":true,\"valueName\":\"search_term_string\"}}],\"inLanguage\":\"fr-FR\"},{\"@type\":\"Person\",\"@id\":\"https:\\\/\\\/unepouledansmacuisine.fr\\\/blog\\\/#\\\/schema\\\/person\\\/bdd2eae9a29e45bbb822e15b7bc09749\",\"name\":\"Laura Gauthereau\",\"image\":{\"@type\":\"ImageObject\",\"inLanguage\":\"fr-FR\",\"@id\":\"https:\\\/\\\/unepouledansmacuisine.fr\\\/blog\\\/wp-content\\\/uploads\\\/2026\\\/06\\\/persona_laura-g-150x150.jpg\",\"url\":\"https:\\\/\\\/unepouledansmacuisine.fr\\\/blog\\\/wp-content\\\/uploads\\\/2026\\\/06\\\/persona_laura-g-150x150.jpg\",\"contentUrl\":\"https:\\\/\\\/unepouledansmacuisine.fr\\\/blog\\\/wp-content\\\/uploads\\\/2026\\\/06\\\/persona_laura-g-150x150.jpg\",\"caption\":\"Laura Gauthereau\"},\"description\":\"La cuisine est ma passion devenue m\u00e9tier : je r\u00e9dige sur la gastronomie, les recettes et l'art de bien manger depuis une dizaine d'ann\u00e9es. J'explore aussi bien la cuisine du quotidien que des univers plus pointus \u2014 le barbecue ma\u00eetris\u00e9, les saveurs de rue revisit\u00e9es, la p\u00e2tisserie ou la d\u00e9couverte des bonnes tables. J'aime expliquer le pourquoi d'une technique autant que le comment : pourquoi saisir, pourquoi laisser reposer, pourquoi cette association de go\u00fbts fonctionne. Avant de publier une recette, je la teste, j'ajuste les quantit\u00e9s et les temps de cuisson, et je propose des alternatives selon les r\u00e9gimes et les budgets. Je me m\u00e9fie des tendances qui ne tiennent pas en bouche. Mon angle : donner envie de cuisiner en rendant les choses accessibles, du d\u00e9butant intimid\u00e9 au gourmand qui veut progresser. Le plaisir reste mon premier crit\u00e8re, devant la performance.\",\"sameAs\":[\"https:\\\/\\\/lauragauthereau.fr\\\/\"],\"url\":\"https:\\\/\\\/unepouledansmacuisine.fr\\\/blog\\\/author\\\/laura-g\\\/\"}]}<\/script>\n<!-- \/ Yoast SEO plugin. -->","yoast_head_json":{"title":"Salade Pi\u00e9montaise : Recette Traditionnelle - Une Poule dans ma Cuisine","description":"La salade pi\u00e9montaise est un plat embl\u00e9matique de la cuisine fran\u00e7aise, particuli\u00e8rement appr\u00e9ci\u00e9 lors des repas estivaux et des pique-niques. Compos\u00e9e\u2026","robots":{"index":"index","follow":"follow","max-snippet":"max-snippet:-1","max-image-preview":"max-image-preview:large","max-video-preview":"max-video-preview:-1"},"canonical":"https:\/\/unepouledansmacuisine.fr\/blog\/salade-piemontaise\/","og_locale":"fr_FR","og_type":"article","og_title":"Salade Pi\u00e9montaise : Recette Traditionnelle - Une Poule dans ma Cuisine","og_description":"La salade pi\u00e9montaise est un plat embl\u00e9matique de la cuisine fran\u00e7aise, particuli\u00e8rement appr\u00e9ci\u00e9 lors des repas estivaux et des pique-niques. Compos\u00e9e\u2026","og_url":"https:\/\/unepouledansmacuisine.fr\/blog\/salade-piemontaise\/","og_site_name":"Une Poule dans ma Cuisine","article_published_time":"2026-07-02T09:00:00+00:00","author":"Laura Gauthereau","twitter_card":"summary_large_image","twitter_misc":{"\u00c9crit par":"Laura Gauthereau","Dur\u00e9e de lecture estim\u00e9e":"4 minutes"},"schema":{"@context":"https:\/\/schema.org","@graph":[{"@type":"Article","@id":"https:\/\/unepouledansmacuisine.fr\/blog\/salade-piemontaise\/#article","isPartOf":{"@id":"https:\/\/unepouledansmacuisine.fr\/blog\/salade-piemontaise\/"},"author":{"name":"Laura Gauthereau","@id":"https:\/\/unepouledansmacuisine.fr\/blog\/#\/schema\/person\/bdd2eae9a29e45bbb822e15b7bc09749"},"headline":"Salade Pi\u00e9montaise : Recette Traditionnelle","datePublished":"2026-07-02T09:00:00+00:00","mainEntityOfPage":{"@id":"https:\/\/unepouledansmacuisine.fr\/blog\/salade-piemontaise\/"},"wordCount":751,"commentCount":0,"image":{"@id":"https:\/\/unepouledansmacuisine.fr\/blog\/salade-piemontaise\/#primaryimage"},"thumbnailUrl":"https:\/\/images.pexels.com\/photos\/36929190\/pexels-photo-36929190.jpeg?auto=compress&cs=tinysrgb&fit=crop&h=627&w=1200","articleSection":["L\u00e9gumes &amp; Accompagnements"],"inLanguage":"fr-FR","potentialAction":[{"@type":"CommentAction","name":"Comment","target":["https:\/\/unepouledansmacuisine.fr\/blog\/salade-piemontaise\/#respond"]}]},{"@type":"WebPage","@id":"https:\/\/unepouledansmacuisine.fr\/blog\/salade-piemontaise\/","url":"https:\/\/unepouledansmacuisine.fr\/blog\/salade-piemontaise\/","name":"Salade Pi\u00e9montaise : Recette Traditionnelle - Une Poule dans ma Cuisine","isPartOf":{"@id":"https:\/\/unepouledansmacuisine.fr\/blog\/#website"},"primaryImageOfPage":{"@id":"https:\/\/unepouledansmacuisine.fr\/blog\/salade-piemontaise\/#primaryimage"},"image":{"@id":"https:\/\/unepouledansmacuisine.fr\/blog\/salade-piemontaise\/#primaryimage"},"thumbnailUrl":"https:\/\/images.pexels.com\/photos\/36929190\/pexels-photo-36929190.jpeg?auto=compress&cs=tinysrgb&fit=crop&h=627&w=1200","datePublished":"2026-07-02T09:00:00+00:00","author":{"@id":"https:\/\/unepouledansmacuisine.fr\/blog\/#\/schema\/person\/bdd2eae9a29e45bbb822e15b7bc09749"},"description":"La salade pi\u00e9montaise est un plat embl\u00e9matique de la cuisine fran\u00e7aise, particuli\u00e8rement appr\u00e9ci\u00e9 lors des repas estivaux et des pique-niques. Compos\u00e9e\u2026","breadcrumb":{"@id":"https:\/\/unepouledansmacuisine.fr\/blog\/salade-piemontaise\/#breadcrumb"},"inLanguage":"fr-FR","potentialAction":[{"@type":"ReadAction","target":["https:\/\/unepouledansmacuisine.fr\/blog\/salade-piemontaise\/"]}]},{"@type":"ImageObject","inLanguage":"fr-FR","@id":"https:\/\/unepouledansmacuisine.fr\/blog\/salade-piemontaise\/#primaryimage","url":"https:\/\/images.pexels.com\/photos\/36929190\/pexels-photo-36929190.jpeg?auto=compress&cs=tinysrgb&fit=crop&h=627&w=1200","contentUrl":"https:\/\/images.pexels.com\/photos\/36929190\/pexels-photo-36929190.jpeg?auto=compress&cs=tinysrgb&fit=crop&h=627&w=1200"},{"@type":"BreadcrumbList","@id":"https:\/\/unepouledansmacuisine.fr\/blog\/salade-piemontaise\/#breadcrumb","itemListElement":[{"@type":"ListItem","position":1,"name":"Home","item":"https:\/\/unepouledansmacuisine.fr\/blog\/"},{"@type":"ListItem","position":2,"name":"Salade Pi\u00e9montaise : Recette Traditionnelle"}]},{"@type":"WebSite","@id":"https:\/\/unepouledansmacuisine.fr\/blog\/#website","url":"https:\/\/unepouledansmacuisine.fr\/blog\/","name":"Une Poule dans ma Cuisine","description":"Recettes de tous les jours, test\u00e9es et expliqu\u00e9es","potentialAction":[{"@type":"SearchAction","target":{"@type":"EntryPoint","urlTemplate":"https:\/\/unepouledansmacuisine.fr\/blog\/?s={search_term_string}"},"query-input":{"@type":"PropertyValueSpecification","valueRequired":true,"valueName":"search_term_string"}}],"inLanguage":"fr-FR"},{"@type":"Person","@id":"https:\/\/unepouledansmacuisine.fr\/blog\/#\/schema\/person\/bdd2eae9a29e45bbb822e15b7bc09749","name":"Laura Gauthereau","image":{"@type":"ImageObject","inLanguage":"fr-FR","@id":"https:\/\/unepouledansmacuisine.fr\/blog\/wp-content\/uploads\/2026\/06\/persona_laura-g-150x150.jpg","url":"https:\/\/unepouledansmacuisine.fr\/blog\/wp-content\/uploads\/2026\/06\/persona_laura-g-150x150.jpg","contentUrl":"https:\/\/unepouledansmacuisine.fr\/blog\/wp-content\/uploads\/2026\/06\/persona_laura-g-150x150.jpg","caption":"Laura Gauthereau"},"description":"La cuisine est ma passion devenue m\u00e9tier : je r\u00e9dige sur la gastronomie, les recettes et l'art de bien manger depuis une dizaine d'ann\u00e9es. J'explore aussi bien la cuisine du quotidien que des univers plus pointus \u2014 le barbecue ma\u00eetris\u00e9, les saveurs de rue revisit\u00e9es, la p\u00e2tisserie ou la d\u00e9couverte des bonnes tables. J'aime expliquer le pourquoi d'une technique autant que le comment : pourquoi saisir, pourquoi laisser reposer, pourquoi cette association de go\u00fbts fonctionne. Avant de publier une recette, je la teste, j'ajuste les quantit\u00e9s et les temps de cuisson, et je propose des alternatives selon les r\u00e9gimes et les budgets. Je me m\u00e9fie des tendances qui ne tiennent pas en bouche. Mon angle : donner envie de cuisiner en rendant les choses accessibles, du d\u00e9butant intimid\u00e9 au gourmand qui veut progresser. Le plaisir reste mon premier crit\u00e8re, devant la performance.","sameAs":["https:\/\/lauragauthereau.fr\/"],"url":"https:\/\/unepouledansmacuisine.fr\/blog\/author\/laura-g\/"}]}},"_links":{"self":[{"href":"https:\/\/unepouledansmacuisine.fr\/blog\/wp-json\/wp\/v2\/posts\/91","targetHints":{"allow":["GET"]}}],"collection":[{"href":"https:\/\/unepouledansmacuisine.fr\/blog\/wp-json\/wp\/v2\/posts"}],"about":[{"href":"https:\/\/unepouledansmacuisine.fr\/blog\/wp-json\/wp\/v2\/types\/post"}],"author":[{"embeddable":true,"href":"https:\/\/unepouledansmacuisine.fr\/blog\/wp-json\/wp\/v2\/users\/1"}],"replies":[{"embeddable":true,"href":"https:\/\/unepouledansmacuisine.fr\/blog\/wp-json\/wp\/v2\/comments?post=91"}],"version-history":[{"count":1,"href":"https:\/\/unepouledansmacuisine.fr\/blog\/wp-json\/wp\/v2\/posts\/91\/revisions"}],"predecessor-version":[{"id":401,"href":"https:\/\/unepouledansmacuisine.fr\/blog\/wp-json\/wp\/v2\/posts\/91\/revisions\/401"}],"wp:attachment":[{"href":"https:\/\/unepouledansmacuisine.fr\/blog\/wp-json\/wp\/v2\/media?parent=91"}],"wp:term":[{"taxonomy":"category","embeddable":true,"href":"https:\/\/unepouledansmacuisine.fr\/blog\/wp-json\/wp\/v2\/categories?post=91"},{"taxonomy":"post_tag","embeddable":true,"href":"https:\/\/unepouledansmacuisine.fr\/blog\/wp-json\/wp\/v2\/tags?post=91"}],"curies":[{"name":"wp","href":"https:\/\/api.w.org\/{rel}","templated":true}]}}